{"id":215399,"date":"2023-06-28T19:45:30","date_gmt":"2023-06-28T22:45:30","guid":{"rendered":"https:\/\/diarioregionaldigital.com.br\/?p=215399"},"modified":"2023-06-28T19:45:30","modified_gmt":"2023-06-28T22:45:30","slug":"dolar-tem-forte-alta-e-encosta-em-r-485-com-pessimismo-externo","status":"publish","type":"post","link":"https:\/\/diarioregionaldigital.com.br\/?p=215399","title":{"rendered":"D\u00f3lar tem forte alta e encosta em R$ 4,85 com pessimismo externo"},"content":{"rendered":"<p>Em um dia de pessimismo no mercado internacional, o d\u00f3lar teve forte alta e voltou a fechar acima de R$ 4,80 pela primeira vez em quase duas semanas. A bolsa de valores caiu pela terceira vez consecutiva, num momento de corre\u00e7\u00e3o das altas recentes.<img decoding=\"async\" src=\"https:\/\/agenciabrasil.ebc.com.br\/ebc.png?id=1540905&amp;o=node\" \/><img decoding=\"async\" src=\"https:\/\/agenciabrasil.ebc.com.br\/ebc.gif?id=1540905&amp;o=node\" \/><\/p>\n<p>O d\u00f3lar comercial encerrou esta quarta-feira (28) vendido a R$ 4,848, com alta de R$ 0,049 (+1,02%). A cota\u00e7\u00e3o operou em alta durante toda a sess\u00e3o. Na m\u00e1xima do dia, por volta das 9h50, chegou a R$ 4,87.<\/p>\n<p>A moeda fechou acima de R$ 4,80 pela primeira vez desde 16 de junho. Mesmo com a alta de hoje, a divisa acumula queda de 4,43% em junho e de 8,18% em 2023.<\/p>\n<p>No mercado de a\u00e7\u00f5es, o dia tamb\u00e9m foi turbulento. O \u00edndice Ibovespa, da B3, fechou aos 116.681 pontos, com recuo de 0,72%. O indicador atingiu o menor n\u00edvel desde 7 de junho, puxado por varejistas, mineradoras e bancos.<\/p>\n<p>Em todo o planeta, o mercado financeiro teve um dia de pessimismo, ap\u00f3s os presidentes do Federal Reserve (Fed), Banco Central norte-americano, Jerome Powell, e do Banco Central Europeu, Christine Lagarde, afirmarem que novos aumentos de juros nos Estados Unidos e na Zona do Euro s\u00e3o poss\u00edveis. Juros mais altos em economias avan\u00e7adas estimulam a fuga de capitais de pa\u00edses emergentes, como o Brasil.<\/p>\n<p>No Brasil, os investidores aguardam a reuni\u00e3o do Conselho Monet\u00e1rio Nacional (CMN) desta quinta-feira (29), em que ser\u00e1 decidida a meta de infla\u00e7\u00e3o de 2026, com possibilidade de revis\u00e3o das metas de 2023, 2024 e 2025. Com base nas metas, o Banco Central brasileiro define a taxa Selic, juros b\u00e1sicos da economia.<\/p>\n<p>A Ag\u00eancia Brasil est\u00e1 dando as mat\u00e9rias sobre o fechamento do mercado financeiro apenas em dias extraordin\u00e1rios. A cota\u00e7\u00e3o do d\u00f3lar e o n\u00edvel da bolsa de valores n\u00e3o s\u00e3o mais informados diariamente.<\/p>\n<p><span style=\"font-weight: 400;\">Fonte: Ag\u00eancia Brasil <\/span><\/p>\n","protected":false},"excerpt":{"rendered":"<p>Em um dia de pessimismo no mercado internacional, o d\u00f3lar teve forte alta e voltou a fechar acima de R$ 4,80 pela primeira vez em quase duas semanas. A bolsa de valores caiu pela terceira vez consecutiva, num momento de corre\u00e7\u00e3o das altas recentes. O d\u00f3lar comercial encerrou esta quarta-feira (28) vendido a R$ 4,848, [&hellip;]<\/p>\n","protected":false},"author":246,"featured_media":215400,"comment_status":"closed","ping_status":"closed","sticky":false,"template":"","format":"standard","meta":{"footnotes":""},"categories":[436,440,261],"tags":[],"class_list":["post-215399","post","type-post","status-publish","format-standard","has-post-thumbnail","hentry","category-destaque-da-semana","category-destaques-do-dia","category-economia"],"_links":{"self":[{"href":"https:\/\/diarioregionaldigital.com.br\/index.php?rest_route=\/wp\/v2\/posts\/215399","targetHints":{"allow":["GET"]}}],"collection":[{"href":"https:\/\/diarioregionaldigital.com.br\/index.php?rest_route=\/wp\/v2\/posts"}],"about":[{"href":"https:\/\/diarioregionaldigital.com.br\/index.php?rest_route=\/wp\/v2\/types\/post"}],"author":[{"embeddable":true,"href":"https:\/\/diarioregionaldigital.com.br\/index.php?rest_route=\/wp\/v2\/users\/246"}],"replies":[{"embeddable":true,"href":"https:\/\/diarioregionaldigital.com.br\/index.php?rest_route=%2Fwp%2Fv2%2Fcomments&post=215399"}],"version-history":[{"count":1,"href":"https:\/\/diarioregionaldigital.com.br\/index.php?rest_route=\/wp\/v2\/posts\/215399\/revisions"}],"predecessor-version":[{"id":215402,"href":"https:\/\/diarioregionaldigital.com.br\/index.php?rest_route=\/wp\/v2\/posts\/215399\/revisions\/215402"}],"wp:featuredmedia":[{"embeddable":true,"href":"https:\/\/diarioregionaldigital.com.br\/index.php?rest_route=\/wp\/v2\/media\/215400"}],"wp:attachment":[{"href":"https:\/\/diarioregionaldigital.com.br\/index.php?rest_route=%2Fwp%2Fv2%2Fmedia&parent=215399"}],"wp:term":[{"taxonomy":"category","embeddable":true,"href":"https:\/\/diarioregionaldigital.com.br\/index.php?rest_route=%2Fwp%2Fv2%2Fcategories&post=215399"},{"taxonomy":"post_tag","embeddable":true,"href":"https:\/\/diarioregionaldigital.com.br\/index.php?rest_route=%2Fwp%2Fv2%2Ftags&post=215399"}],"curies":[{"name":"wp","href":"https:\/\/api.w.org\/{rel}","templated":true}]}}