{"id":215396,"date":"2023-06-28T04:02:08","date_gmt":"2023-06-28T07:02:08","guid":{"rendered":"https:\/\/diarioregionaldigital.com.br\/?p=215396"},"modified":"2023-06-28T04:02:08","modified_gmt":"2023-06-28T07:02:08","slug":"prefeitura-municipal-de-descoberto-contrato-no052-28-06-2023","status":"publish","type":"post","link":"https:\/\/diarioregionaldigital.com.br\/?p=215396","title":{"rendered":"Prefeitura Municipal de Descoberto &#8211; Contrato n\u00ba052 &#8211; 28\/06\/2023"},"content":{"rendered":"<p style=\"text-align: center;\"><strong>EXTRATO DE CONTRATO<\/strong><\/p>\n<p style=\"text-align: center;\">Pref. Municipal de Descoberto x Agra Motors Com\u00e9rcio de Ve\u00edculos Ltda \u00a0\u2013 Aquisi\u00e7\u00e3o de \u00f4nibus para transporte de passageiros 0km &#8211; Fundamento: Preg\u00e3o n\u00ba 019\/2023 &#8211; Valor Global: R$ 600.000,00 &#8211; Vig\u00eancia: 3 meses &#8211;\u00a0 Dot or\u00e7: 02.02004.12.361.0003.152-449052\/512- \u00a0\u00a0Ass: 28\/06\/2023 &#8211; Foro: S\u00e3o Jo\u00e3o Nepomuceno\/MG.<\/p>\n<p style=\"text-align: center;\"><strong>Marcos de Ara\u00fajo Lima<\/strong><\/p>\n<p style=\"text-align: center;\"><strong>Prefeito Municipal<\/strong><\/p>\n","protected":false},"excerpt":{"rendered":"<p>EXTRATO DE CONTRATO Pref. Municipal de Descoberto x Agra Motors Com\u00e9rcio de Ve\u00edculos Ltda \u00a0\u2013 Aquisi\u00e7\u00e3o de \u00f4nibus para transporte de passageiros 0km &#8211; Fundamento: Preg\u00e3o n\u00ba 019\/2023 &#8211; Valor Global: R$ 600.000,00 &#8211; Vig\u00eancia: 3 meses &#8211;\u00a0 Dot or\u00e7: 02.02004.12.361.0003.152-449052\/512- \u00a0\u00a0Ass: 28\/06\/2023 &#8211; Foro: S\u00e3o Jo\u00e3o Nepomuceno\/MG. Marcos de Ara\u00fajo Lima Prefeito Municipal<\/p>\n","protected":false},"author":96,"featured_media":0,"comment_status":"closed","ping_status":"closed","sticky":false,"template":"","format":"standard","meta":{"footnotes":""},"categories":[307],"tags":[],"class_list":["post-215396","post","type-post","status-publish","format-standard","hentry","category-editais"],"_links":{"self":[{"href":"https:\/\/diarioregionaldigital.com.br\/index.php?rest_route=\/wp\/v2\/posts\/215396","targetHints":{"allow":["GET"]}}],"collection":[{"href":"https:\/\/diarioregionaldigital.com.br\/index.php?rest_route=\/wp\/v2\/posts"}],"about":[{"href":"https:\/\/diarioregionaldigital.com.br\/index.php?rest_route=\/wp\/v2\/types\/post"}],"author":[{"embeddable":true,"href":"https:\/\/diarioregionaldigital.com.br\/index.php?rest_route=\/wp\/v2\/users\/96"}],"replies":[{"embeddable":true,"href":"https:\/\/diarioregionaldigital.com.br\/index.php?rest_route=%2Fwp%2Fv2%2Fcomments&post=215396"}],"version-history":[{"count":1,"href":"https:\/\/diarioregionaldigital.com.br\/index.php?rest_route=\/wp\/v2\/posts\/215396\/revisions"}],"predecessor-version":[{"id":215397,"href":"https:\/\/diarioregionaldigital.com.br\/index.php?rest_route=\/wp\/v2\/posts\/215396\/revisions\/215397"}],"wp:attachment":[{"href":"https:\/\/diarioregionaldigital.com.br\/index.php?rest_route=%2Fwp%2Fv2%2Fmedia&parent=215396"}],"wp:term":[{"taxonomy":"category","embeddable":true,"href":"https:\/\/diarioregionaldigital.com.br\/index.php?rest_route=%2Fwp%2Fv2%2Fcategories&post=215396"},{"taxonomy":"post_tag","embeddable":true,"href":"https:\/\/diarioregionaldigital.com.br\/index.php?rest_route=%2Fwp%2Fv2%2Ftags&post=215396"}],"curies":[{"name":"wp","href":"https:\/\/api.w.org\/{rel}","templated":true}]}}