{"id":215342,"date":"2023-06-27T05:01:51","date_gmt":"2023-06-27T08:01:51","guid":{"rendered":"https:\/\/diarioregionaldigital.com.br\/?p=215342"},"modified":"2023-06-27T05:01:51","modified_gmt":"2023-06-27T08:01:51","slug":"prefeitura-municipal-de-descoberto-contrato-no051-27-06-2023","status":"publish","type":"post","link":"https:\/\/diarioregionaldigital.com.br\/?p=215342","title":{"rendered":"Prefeitura Municipal de Descoberto &#8211; Contrato n\u00ba051 &#8211; 27\/06\/2023"},"content":{"rendered":"<p style=\"text-align: center;\"><strong>EXTRATO DE CONTRATO<\/strong><\/p>\n<p style=\"text-align: center;\">Pref. Municipal de Descoberto x Maur\u00edcio Costa Amino 05597969609 \u00a0\u2013 Aquisi\u00e7\u00e3o de marmitex ou prato feito (refei\u00e7\u00e3o)\u2013 \u00a0Fundamento: Preg\u00e3o n\u00ba 018\/2023 &#8211; Valor Global: R$ 108.000,00 &#8211; Vig\u00eancia: 12 meses &#8211;\u00a0 Dot or\u00e7: 02.02006.15.122.0002.201-339030\/150- 02.02002.04.122.0002.217-339030\/150- 02.02015.27.812.0016.272-339030\/150- 02.02016.13.391.0015.275-339030\/150- 02.02005.10.122.0002.283-339030\/150 &#8211; \u00a0\u00a0Ass: 27\/06\/2023 &#8211; Foro: S\u00e3o Jo\u00e3o Nepomuceno\/MG.<\/p>\n<p style=\"text-align: center;\"><strong>Marcos de Ara\u00fajo Lima<\/strong><\/p>\n<p style=\"text-align: center;\"><strong>Prefeito Municipal <\/strong><\/p>\n","protected":false},"excerpt":{"rendered":"<p>EXTRATO DE CONTRATO Pref. Municipal de Descoberto x Maur\u00edcio Costa Amino 05597969609 \u00a0\u2013 Aquisi\u00e7\u00e3o de marmitex ou prato feito (refei\u00e7\u00e3o)\u2013 \u00a0Fundamento: Preg\u00e3o n\u00ba 018\/2023 &#8211; Valor Global: R$ 108.000,00 &#8211; Vig\u00eancia: 12 meses &#8211;\u00a0 Dot or\u00e7: 02.02006.15.122.0002.201-339030\/150- 02.02002.04.122.0002.217-339030\/150- 02.02015.27.812.0016.272-339030\/150- 02.02016.13.391.0015.275-339030\/150- 02.02005.10.122.0002.283-339030\/150 &#8211; \u00a0\u00a0Ass: 27\/06\/2023 &#8211; Foro: S\u00e3o Jo\u00e3o Nepomuceno\/MG. Marcos de Ara\u00fajo Lima Prefeito Municipal<\/p>\n","protected":false},"author":96,"featured_media":0,"comment_status":"closed","ping_status":"closed","sticky":false,"template":"","format":"standard","meta":{"footnotes":""},"categories":[307],"tags":[],"class_list":["post-215342","post","type-post","status-publish","format-standard","hentry","category-editais"],"_links":{"self":[{"href":"https:\/\/diarioregionaldigital.com.br\/index.php?rest_route=\/wp\/v2\/posts\/215342","targetHints":{"allow":["GET"]}}],"collection":[{"href":"https:\/\/diarioregionaldigital.com.br\/index.php?rest_route=\/wp\/v2\/posts"}],"about":[{"href":"https:\/\/diarioregionaldigital.com.br\/index.php?rest_route=\/wp\/v2\/types\/post"}],"author":[{"embeddable":true,"href":"https:\/\/diarioregionaldigital.com.br\/index.php?rest_route=\/wp\/v2\/users\/96"}],"replies":[{"embeddable":true,"href":"https:\/\/diarioregionaldigital.com.br\/index.php?rest_route=%2Fwp%2Fv2%2Fcomments&post=215342"}],"version-history":[{"count":1,"href":"https:\/\/diarioregionaldigital.com.br\/index.php?rest_route=\/wp\/v2\/posts\/215342\/revisions"}],"predecessor-version":[{"id":215343,"href":"https:\/\/diarioregionaldigital.com.br\/index.php?rest_route=\/wp\/v2\/posts\/215342\/revisions\/215343"}],"wp:attachment":[{"href":"https:\/\/diarioregionaldigital.com.br\/index.php?rest_route=%2Fwp%2Fv2%2Fmedia&parent=215342"}],"wp:term":[{"taxonomy":"category","embeddable":true,"href":"https:\/\/diarioregionaldigital.com.br\/index.php?rest_route=%2Fwp%2Fv2%2Fcategories&post=215342"},{"taxonomy":"post_tag","embeddable":true,"href":"https:\/\/diarioregionaldigital.com.br\/index.php?rest_route=%2Fwp%2Fv2%2Ftags&post=215342"}],"curies":[{"name":"wp","href":"https:\/\/api.w.org\/{rel}","templated":true}]}}