{"id":215340,"date":"2023-06-27T05:00:26","date_gmt":"2023-06-27T08:00:26","guid":{"rendered":"https:\/\/diarioregionaldigital.com.br\/?p=215340"},"modified":"2023-06-27T05:00:26","modified_gmt":"2023-06-27T08:00:26","slug":"prefeitura-municipal-de-descoberto-contrato-no050-27-06-2023","status":"publish","type":"post","link":"https:\/\/diarioregionaldigital.com.br\/?p=215340","title":{"rendered":"Prefeitura Municipal de Descoberto &#8211; Contrato n\u00ba050 &#8211; 27\/06\/2023"},"content":{"rendered":"<p style=\"text-align: center;\"><strong>EXTRATO DE CONTRATO<\/strong><\/p>\n<p style=\"text-align: center;\">Pref. Municipal de Descoberto x Posto Brotinho Ltda \u2013 Aquisi\u00e7\u00e3o de combust\u00edvel para todos os setores da Prefeitura \u2013 Fundamento: Inexigibilidade n\u00ba 008\/2023\u00a0 &#8211;\u00a0 Valor Global: R$ 693.810,00- Vig\u00eancia: 04 meses &#8211;\u00a0 Dot or\u00e7: 02.02006.15.122.0002.201-339030\/150- 02.02001.04.122.0002.202-339030\/150- 02.02002.04.181.0002.222-339030\/150- 02.02007.08.243.0002.224-33903\/166- 02.02008.08.244.0011.231-339030\/150- 02.02004.12.361.0003.255-339030\/150- 02.02005.10.122.0002.283-339030\/150- Ass: 23\/06\/2023 &#8211; Foro: S\u00e3o Jo\u00e3o Nepomuceno\/MG.<\/p>\n<p style=\"text-align: center;\"><strong>Marcos de Ara\u00fajo Lima<\/strong><\/p>\n<p style=\"text-align: center;\"><strong>Prefeito Municipal <\/strong><\/p>\n","protected":false},"excerpt":{"rendered":"<p>EXTRATO DE CONTRATO Pref. Municipal de Descoberto x Posto Brotinho Ltda \u2013 Aquisi\u00e7\u00e3o de combust\u00edvel para todos os setores da Prefeitura \u2013 Fundamento: Inexigibilidade n\u00ba 008\/2023\u00a0 &#8211;\u00a0 Valor Global: R$ 693.810,00- Vig\u00eancia: 04 meses &#8211;\u00a0 Dot or\u00e7: 02.02006.15.122.0002.201-339030\/150- 02.02001.04.122.0002.202-339030\/150- 02.02002.04.181.0002.222-339030\/150- 02.02007.08.243.0002.224-33903\/166- 02.02008.08.244.0011.231-339030\/150- 02.02004.12.361.0003.255-339030\/150- 02.02005.10.122.0002.283-339030\/150- Ass: 23\/06\/2023 &#8211; Foro: S\u00e3o Jo\u00e3o Nepomuceno\/MG. Marcos de Ara\u00fajo Lima [&hellip;]<\/p>\n","protected":false},"author":96,"featured_media":0,"comment_status":"closed","ping_status":"closed","sticky":false,"template":"","format":"standard","meta":{"footnotes":""},"categories":[307],"tags":[],"class_list":["post-215340","post","type-post","status-publish","format-standard","hentry","category-editais"],"_links":{"self":[{"href":"https:\/\/diarioregionaldigital.com.br\/index.php?rest_route=\/wp\/v2\/posts\/215340","targetHints":{"allow":["GET"]}}],"collection":[{"href":"https:\/\/diarioregionaldigital.com.br\/index.php?rest_route=\/wp\/v2\/posts"}],"about":[{"href":"https:\/\/diarioregionaldigital.com.br\/index.php?rest_route=\/wp\/v2\/types\/post"}],"author":[{"embeddable":true,"href":"https:\/\/diarioregionaldigital.com.br\/index.php?rest_route=\/wp\/v2\/users\/96"}],"replies":[{"embeddable":true,"href":"https:\/\/diarioregionaldigital.com.br\/index.php?rest_route=%2Fwp%2Fv2%2Fcomments&post=215340"}],"version-history":[{"count":1,"href":"https:\/\/diarioregionaldigital.com.br\/index.php?rest_route=\/wp\/v2\/posts\/215340\/revisions"}],"predecessor-version":[{"id":215341,"href":"https:\/\/diarioregionaldigital.com.br\/index.php?rest_route=\/wp\/v2\/posts\/215340\/revisions\/215341"}],"wp:attachment":[{"href":"https:\/\/diarioregionaldigital.com.br\/index.php?rest_route=%2Fwp%2Fv2%2Fmedia&parent=215340"}],"wp:term":[{"taxonomy":"category","embeddable":true,"href":"https:\/\/diarioregionaldigital.com.br\/index.php?rest_route=%2Fwp%2Fv2%2Fcategories&post=215340"},{"taxonomy":"post_tag","embeddable":true,"href":"https:\/\/diarioregionaldigital.com.br\/index.php?rest_route=%2Fwp%2Fv2%2Ftags&post=215340"}],"curies":[{"name":"wp","href":"https:\/\/api.w.org\/{rel}","templated":true}]}}