{"id":215334,"date":"2023-06-27T04:32:20","date_gmt":"2023-06-27T07:32:20","guid":{"rendered":"https:\/\/diarioregionaldigital.com.br\/?p=215334"},"modified":"2023-06-27T04:32:20","modified_gmt":"2023-06-27T07:32:20","slug":"suspensao-de-energia-eletrica-pode-afetar-abastecimento-na-regiao-nordeste-nesta-quarta-feira-28","status":"publish","type":"post","link":"https:\/\/diarioregionaldigital.com.br\/?p=215334","title":{"rendered":"Suspens\u00e3o de energia el\u00e9trica pode afetar abastecimento na Regi\u00e3o Nordeste nesta quarta-feira, 28"},"content":{"rendered":"<p>Segundo informa\u00e7\u00f5es do site da Prefeitura de Juiz de Fora, devido a servi\u00e7os de manuten\u00e7\u00e3o na rede el\u00e9trica, a elevat\u00f3ria de \u00e1gua da Companhia de Saneamento Municipal (Cesama) ASE\/Grama ficar\u00e1 sem energia nesta quarta-feira, 28. Segundo a Companhia Energ\u00e9tica de Minas Gerais (Cemig), a interrup\u00e7\u00e3o no fornecimento el\u00e9trico ser\u00e1 de 8h30 \u00e0s 14h30. Neste per\u00edodo, a elevat\u00f3ria de \u00e1gua ter\u00e1 sua opera\u00e7\u00e3o suspensa, o que pode afetar o abastecimento de parte da Regi\u00e3o Nordeste, a saber: Filgueiras, Grama, Jardim Ema\u00fas, Loteamento Nova Gramado, Loteamento Nova Su\u00edssa, Loteamento S\u00e3o Conrado, Parque Indpend\u00eancia, Recanto dos Lagos, Residencial S\u00e3o Luiz, Vila Montanhesa e Vila dos Sonhos.<\/p>\n<p>A Cesama pede a compreens\u00e3o dos moradores da \u00e1rea e orienta para que economizem \u00e1gua durante os trabalhos. T\u00e3o logo a energia el\u00e9trica seja restabelecida, o abastecimento ser\u00e1 retomado. A previs\u00e3o \u00e9 de que o fornecimento de \u00e1gua seja normalizado at\u00e9 a noite de quarta-feira.<\/p>\n","protected":false},"excerpt":{"rendered":"<p>Segundo informa\u00e7\u00f5es do site da Prefeitura de Juiz de Fora, devido a servi\u00e7os de manuten\u00e7\u00e3o na rede el\u00e9trica, a elevat\u00f3ria de \u00e1gua da Companhia de Saneamento Municipal (Cesama) ASE\/Grama ficar\u00e1 sem energia nesta quarta-feira, 28. Segundo a Companhia Energ\u00e9tica de Minas Gerais (Cemig), a interrup\u00e7\u00e3o no fornecimento el\u00e9trico ser\u00e1 de 8h30 \u00e0s 14h30. Neste per\u00edodo, [&hellip;]<\/p>\n","protected":false},"author":246,"featured_media":215335,"comment_status":"closed","ping_status":"closed","sticky":false,"template":"","format":"standard","meta":{"footnotes":""},"categories":[253,436,439],"tags":[],"class_list":["post-215334","post","type-post","status-publish","format-standard","has-post-thumbnail","hentry","category-cidade","category-destaque-da-semana","category-ultima-hora"],"_links":{"self":[{"href":"https:\/\/diarioregionaldigital.com.br\/index.php?rest_route=\/wp\/v2\/posts\/215334","targetHints":{"allow":["GET"]}}],"collection":[{"href":"https:\/\/diarioregionaldigital.com.br\/index.php?rest_route=\/wp\/v2\/posts"}],"about":[{"href":"https:\/\/diarioregionaldigital.com.br\/index.php?rest_route=\/wp\/v2\/types\/post"}],"author":[{"embeddable":true,"href":"https:\/\/diarioregionaldigital.com.br\/index.php?rest_route=\/wp\/v2\/users\/246"}],"replies":[{"embeddable":true,"href":"https:\/\/diarioregionaldigital.com.br\/index.php?rest_route=%2Fwp%2Fv2%2Fcomments&post=215334"}],"version-history":[{"count":1,"href":"https:\/\/diarioregionaldigital.com.br\/index.php?rest_route=\/wp\/v2\/posts\/215334\/revisions"}],"predecessor-version":[{"id":215336,"href":"https:\/\/diarioregionaldigital.com.br\/index.php?rest_route=\/wp\/v2\/posts\/215334\/revisions\/215336"}],"wp:featuredmedia":[{"embeddable":true,"href":"https:\/\/diarioregionaldigital.com.br\/index.php?rest_route=\/wp\/v2\/media\/215335"}],"wp:attachment":[{"href":"https:\/\/diarioregionaldigital.com.br\/index.php?rest_route=%2Fwp%2Fv2%2Fmedia&parent=215334"}],"wp:term":[{"taxonomy":"category","embeddable":true,"href":"https:\/\/diarioregionaldigital.com.br\/index.php?rest_route=%2Fwp%2Fv2%2Fcategories&post=215334"},{"taxonomy":"post_tag","embeddable":true,"href":"https:\/\/diarioregionaldigital.com.br\/index.php?rest_route=%2Fwp%2Fv2%2Ftags&post=215334"}],"curies":[{"name":"wp","href":"https:\/\/api.w.org\/{rel}","templated":true}]}}