{"id":215309,"date":"2023-06-27T00:56:49","date_gmt":"2023-06-27T03:56:49","guid":{"rendered":"https:\/\/diarioregionaldigital.com.br\/?p=215309"},"modified":"2023-06-27T00:56:49","modified_gmt":"2023-06-27T03:56:49","slug":"maioria-do-stf-mantem-regras-de-pensao-por-morte-do-inss","status":"publish","type":"post","link":"https:\/\/diarioregionaldigital.com.br\/?p=215309","title":{"rendered":"Maioria do STF mant\u00e9m regras de pens\u00e3o por morte do INSS"},"content":{"rendered":"<p>A maioria dos ministros do Supremo Tribunal Federal (STF) votou pela validade da mudan\u00e7a constitucional que alterou o pagamento de pens\u00e3o por morte paga pelo Instituto Nacional do Seguro Social (INSS). O julgamento ocorreu de forma virtual e foi finalizado na sexta-feira (23).<img decoding=\"async\" src=\"https:\/\/agenciabrasil.ebc.com.br\/ebc.png?id=1540467&amp;o=node\" \/><img decoding=\"async\" src=\"https:\/\/agenciabrasil.ebc.com.br\/ebc.gif?id=1540467&amp;o=node\" \/><\/p>\n<p>Os ministros julgaram a constitucionalidade do artigo 23 da Emenda Constitucional 103 de 2019. A emenda fixou que o pagamento da pens\u00e3o ser\u00e1 de 50% do valor da aposentadoria, acrescida de 10% por dependente.<\/p>\n<p>O c\u00e1lculo foi contestado pela Confedera\u00e7\u00e3o Nacional dos Trabalhadores Assalariados e Assalariadas Rurais (Contar). A entidade alegou que houve redu\u00e7\u00e3o desproporcional da pens\u00e3o por morte.<\/p>\n<p>Ao analisar os questionamentos, a maioria dos ministros seguiu voto proferido pelo relator, Lu\u00eds Roberto Barroso. Para o ministro, n\u00e3o h\u00e1 inconstitucionalidade nas altera\u00e7\u00f5es previdenci\u00e1rias.<\/p>\n<p>&#8220;N\u00e3o vejo, por fim, ofensa ao princ\u00edpio da veda\u00e7\u00e3o ao retrocesso social. O princ\u00edpio da veda\u00e7\u00e3o ao retrocesso, que ainda desperta controv\u00e9rsias na doutrina, n\u00e3o pode ser interpretado como uma proibi\u00e7\u00e3o a qualquer atua\u00e7\u00e3o restritiva do legislador em mat\u00e9ria de direitos fundamentais, sob pena de viola\u00e7\u00e3o ao princ\u00edpio democr\u00e1tico&#8221;, afirmou.<\/p>\n<p>O entendimento foi seguido pelos ministros Dias Toffoli, Andr\u00e9 Mendon\u00e7a, Gilmar Mendes, Alexandre de Moraes, C\u00e1rmen L\u00facia, Luiz Fux e Nunes Marques.<\/p>\n<p><span style=\"font-weight: 400;\">Fonte: Ag\u00eancia Brasil <\/span><\/p>\n","protected":false},"excerpt":{"rendered":"<p>A maioria dos ministros do Supremo Tribunal Federal (STF) votou pela validade da mudan\u00e7a constitucional que alterou o pagamento de pens\u00e3o por morte paga pelo Instituto Nacional do Seguro Social (INSS). O julgamento ocorreu de forma virtual e foi finalizado na sexta-feira (23). Os ministros julgaram a constitucionalidade do artigo 23 da Emenda Constitucional 103 [&hellip;]<\/p>\n","protected":false},"author":246,"featured_media":215310,"comment_status":"closed","ping_status":"closed","sticky":false,"template":"","format":"standard","meta":{"footnotes":""},"categories":[436,254,439],"tags":[],"class_list":["post-215309","post","type-post","status-publish","format-standard","has-post-thumbnail","hentry","category-destaque-da-semana","category-politica","category-ultima-hora"],"_links":{"self":[{"href":"https:\/\/diarioregionaldigital.com.br\/index.php?rest_route=\/wp\/v2\/posts\/215309","targetHints":{"allow":["GET"]}}],"collection":[{"href":"https:\/\/diarioregionaldigital.com.br\/index.php?rest_route=\/wp\/v2\/posts"}],"about":[{"href":"https:\/\/diarioregionaldigital.com.br\/index.php?rest_route=\/wp\/v2\/types\/post"}],"author":[{"embeddable":true,"href":"https:\/\/diarioregionaldigital.com.br\/index.php?rest_route=\/wp\/v2\/users\/246"}],"replies":[{"embeddable":true,"href":"https:\/\/diarioregionaldigital.com.br\/index.php?rest_route=%2Fwp%2Fv2%2Fcomments&post=215309"}],"version-history":[{"count":1,"href":"https:\/\/diarioregionaldigital.com.br\/index.php?rest_route=\/wp\/v2\/posts\/215309\/revisions"}],"predecessor-version":[{"id":215311,"href":"https:\/\/diarioregionaldigital.com.br\/index.php?rest_route=\/wp\/v2\/posts\/215309\/revisions\/215311"}],"wp:featuredmedia":[{"embeddable":true,"href":"https:\/\/diarioregionaldigital.com.br\/index.php?rest_route=\/wp\/v2\/media\/215310"}],"wp:attachment":[{"href":"https:\/\/diarioregionaldigital.com.br\/index.php?rest_route=%2Fwp%2Fv2%2Fmedia&parent=215309"}],"wp:term":[{"taxonomy":"category","embeddable":true,"href":"https:\/\/diarioregionaldigital.com.br\/index.php?rest_route=%2Fwp%2Fv2%2Fcategories&post=215309"},{"taxonomy":"post_tag","embeddable":true,"href":"https:\/\/diarioregionaldigital.com.br\/index.php?rest_route=%2Fwp%2Fv2%2Ftags&post=215309"}],"curies":[{"name":"wp","href":"https:\/\/api.w.org\/{rel}","templated":true}]}}