{"id":215306,"date":"2023-06-27T00:55:34","date_gmt":"2023-06-27T03:55:34","guid":{"rendered":"https:\/\/diarioregionaldigital.com.br\/?p=215306"},"modified":"2023-06-27T00:55:34","modified_gmt":"2023-06-27T03:55:34","slug":"supremo-admite-danos-morais-acima-do-teto-da-clt","status":"publish","type":"post","link":"https:\/\/diarioregionaldigital.com.br\/?p=215306","title":{"rendered":"Supremo admite danos morais acima do teto da CLT"},"content":{"rendered":"<p>O Supremo Tribunal Federal (STF) decidiu que o teto de indeniza\u00e7\u00f5es trabalhistas por dano moral pode ultrapassar os limites definidos pela Consolida\u00e7\u00e3o das Leis do Trabalho (CLT). A quest\u00e3o foi definida em julgamento virtual finalizado na sexta-feira (23).<img decoding=\"async\" src=\"https:\/\/agenciabrasil.ebc.com.br\/ebc.png?id=1540469&amp;o=node\" \/><img decoding=\"async\" src=\"https:\/\/agenciabrasil.ebc.com.br\/ebc.gif?id=1540469&amp;o=node\" \/><\/p>\n<p>Conforme voto do ministro Gilmar Mendes, relator da quest\u00e3o, os limites estabelecidos pela CLT devem servir de par\u00e2metro nas decis\u00f5es trabalhistas, e n\u00e3o excluem o direito \u00e0 repara\u00e7\u00e3o por dano moral nos termos da legisla\u00e7\u00e3o civil, conforme a an\u00e1lise caso a caso. O entendimento foi seguido por 8 votos a 2.<\/p>\n<p>O julgamento tratou da legalidade de dispositivos da reforma trabalhista de 2017, que estipularam valores para indeniza\u00e7\u00e3o de trabalhadores por danos morais.<\/p>\n<p>A quest\u00e3o chegou ao Supremo por meio de a\u00e7\u00f5es protocoladas pela Associa\u00e7\u00e3o dos Magistrados da Justi\u00e7a do Trabalho (Anamatra), a Ordem dos Advogados do Brasil (OAB) e a Confedera\u00e7\u00e3o Nacional dos Trabalhadores na Ind\u00fastria. As entidades afirmaram que a fixa\u00e7\u00e3o de valores para pagamento de danos extrapatrimoniais \u00e9 inconstitucional e traz preju\u00edzos para os trabalhadores.<\/p>\n<p>As altera\u00e7\u00f5es na CLT fixaram que a indeniza\u00e7\u00e3o ser\u00e1 de at\u00e9 tr\u00eas vezes o \u00faltimo sal\u00e1rio contratual do ofendido nos casos de ofensa de natureza leve. Para ofensas de natureza m\u00e9dia, o valor pode chegar a cinco vezes o \u00faltimo sal\u00e1rio. Se o dano moral tiver natureza grave, o trabalhador poder\u00e1 receber at\u00e9 20 vezes. A indeniza\u00e7\u00e3o poder\u00e1 chegar a 50 vezes o valor do sal\u00e1rio se a ofensa for de natureza grav\u00edssima.<\/p>\n<p><span style=\"font-weight: 400;\">Fonte: Ag\u00eancia Brasil <\/span><\/p>\n","protected":false},"excerpt":{"rendered":"<p>O Supremo Tribunal Federal (STF) decidiu que o teto de indeniza\u00e7\u00f5es trabalhistas por dano moral pode ultrapassar os limites definidos pela Consolida\u00e7\u00e3o das Leis do Trabalho (CLT). A quest\u00e3o foi definida em julgamento virtual finalizado na sexta-feira (23). Conforme voto do ministro Gilmar Mendes, relator da quest\u00e3o, os limites estabelecidos pela CLT devem servir de [&hellip;]<\/p>\n","protected":false},"author":246,"featured_media":215307,"comment_status":"closed","ping_status":"closed","sticky":false,"template":"","format":"standard","meta":{"footnotes":""},"categories":[436,254,439],"tags":[],"class_list":["post-215306","post","type-post","status-publish","format-standard","has-post-thumbnail","hentry","category-destaque-da-semana","category-politica","category-ultima-hora"],"_links":{"self":[{"href":"https:\/\/diarioregionaldigital.com.br\/index.php?rest_route=\/wp\/v2\/posts\/215306","targetHints":{"allow":["GET"]}}],"collection":[{"href":"https:\/\/diarioregionaldigital.com.br\/index.php?rest_route=\/wp\/v2\/posts"}],"about":[{"href":"https:\/\/diarioregionaldigital.com.br\/index.php?rest_route=\/wp\/v2\/types\/post"}],"author":[{"embeddable":true,"href":"https:\/\/diarioregionaldigital.com.br\/index.php?rest_route=\/wp\/v2\/users\/246"}],"replies":[{"embeddable":true,"href":"https:\/\/diarioregionaldigital.com.br\/index.php?rest_route=%2Fwp%2Fv2%2Fcomments&post=215306"}],"version-history":[{"count":1,"href":"https:\/\/diarioregionaldigital.com.br\/index.php?rest_route=\/wp\/v2\/posts\/215306\/revisions"}],"predecessor-version":[{"id":215308,"href":"https:\/\/diarioregionaldigital.com.br\/index.php?rest_route=\/wp\/v2\/posts\/215306\/revisions\/215308"}],"wp:featuredmedia":[{"embeddable":true,"href":"https:\/\/diarioregionaldigital.com.br\/index.php?rest_route=\/wp\/v2\/media\/215307"}],"wp:attachment":[{"href":"https:\/\/diarioregionaldigital.com.br\/index.php?rest_route=%2Fwp%2Fv2%2Fmedia&parent=215306"}],"wp:term":[{"taxonomy":"category","embeddable":true,"href":"https:\/\/diarioregionaldigital.com.br\/index.php?rest_route=%2Fwp%2Fv2%2Fcategories&post=215306"},{"taxonomy":"post_tag","embeddable":true,"href":"https:\/\/diarioregionaldigital.com.br\/index.php?rest_route=%2Fwp%2Fv2%2Ftags&post=215306"}],"curies":[{"name":"wp","href":"https:\/\/api.w.org\/{rel}","templated":true}]}}