{"id":215280,"date":"2023-06-25T06:00:18","date_gmt":"2023-06-25T09:00:18","guid":{"rendered":"https:\/\/diarioregionaldigital.com.br\/?p=215280"},"modified":"2023-06-24T03:08:37","modified_gmt":"2023-06-24T06:08:37","slug":"a-tragedia-do-casamento-liquido","status":"publish","type":"post","link":"https:\/\/diarioregionaldigital.com.br\/?p=215280","title":{"rendered":"A trag\u00e9dia do casamento l\u00edquido"},"content":{"rendered":"<p>O cap\u00edtulo 5 do livro de Prov\u00e9rbios \u00e9 todo dedicado \u00e0s tenta\u00e7\u00f5es que podem comprometer o matrim\u00f4nio, particularmente adverte em rela\u00e7\u00e3o ao adult\u00e9rio. A autoria inspirada, vem demonstrando a import\u00e2ncia do autocontrole para que o indiv\u00edduo n\u00e3o se deixe seduzir por uma terceira pessoa e assim n\u00e3o coloque seu lar a perder.<\/p>\n<p>Cada palavra \u00e9 certa e precisa, um tratado sobre dom\u00ednio pr\u00f3prio e uma contundente advert\u00eancia sobre os riscos de n\u00e3o dominar seus pr\u00f3prios impulsos.<\/p>\n<p>Essa passagem nos faz refletir para al\u00e9m do adult\u00e9rio e nos instiga a pensar sobre os pr\u00f3prios pilares do matrim\u00f4nio \u00e0 luz de nosso tempo.<\/p>\n<p>A verdade \u00e9 que atualmente a sociedade estimula as rela\u00e7\u00f5es fluidas. Na \u201cRealidade L\u00edquida\u201d que domina o presente, conforme caracterizado pelo importante soci\u00f3logo Zygmund Bauman, os casamentos tornaram-se apenas \u201cmomentos\u201d: neste momento estou solteiro, no momento seguinte casado com A, no momento mais \u00e0 frente casado com B,\u2026<\/p>\n<p>A estabilidade deixou de ser preceito, agora a regra \u00e9 a mudan\u00e7a e dentre todas vacila\u00e7\u00f5es encontramos a fluidez com que as pessoas se relacionam intimamente umas com as outras.<\/p>\n<p>Vivemos uma \u00e9poca em que as emo\u00e7\u00f5es e a impulsividade governam os \u00e2nimos, de maneira que tudo se torna variante e inst\u00e1vel. N\u00e3o deveria ser assim. Especialmente quando se trata de matrim\u00f4nio.<\/p>\n<p>Na verdade, n\u00e3o \u00e9 uma quest\u00e3o de querer, trata-se de um imperativo: o casamento \u00e9 algo extremamente s\u00e9rio. O con\u00fabio envolve uma das decis\u00f5es mais s\u00e9rias na vida de uma pessoa e que afeta em escala outros destinos.<\/p>\n<p>Pois o casamento n\u00e3o envolve apenas duas pessoas, envolve tr\u00eas fam\u00edlias, as dos c\u00f4njuges e a que surge com os filhos. S\u00e3o muitos destinos envolvidos na decis\u00e3o do casal, por isso os dois n\u00e3o podem ser levianos. Pois o sucesso ou o fracasso de um relacionamento pode implicar no destino de muitas pessoas.<\/p>\n<p>Dados mostram que filhos de pais divorciados tendem a ter um desempenho escolar pior do que o de lares estruturados. O afastamento de um dos pais cria lacunas emocionais irrevers\u00edveis na vida de uma crian\u00e7a. A dor emocional tamb\u00e9m atinge os pais quando s\u00e3o privados da presen\u00e7a de seus filhos, agravada pela inseguran\u00e7a em rela\u00e7\u00e3o \u00e0 exposi\u00e7\u00e3o das crian\u00e7as aos novos \u201crelacionamentos rom\u00e2nticos\u201d do antigo parceiro ou parceira.<\/p>\n<p>Isso sem contar os problemas patrimoniais gerados pelo desfazimento de uma rela\u00e7\u00e3o matrimonial. Ou seja, um casamento desfeito n\u00e3o \u00e9 uma coisa natural como nossa sociedade tenta demonstrar. Um div\u00f3rcio \u00e9 sim um evento catastr\u00f3fico, pois \u00e9 a ruptura de la\u00e7os f\u00edsicos e emocionais muito profundos e importantes, cujos resultados podem ser bastante graves para todos envolvidos.<\/p>\n<p>Sendo assim, lembre-se das instru\u00e7\u00f5es do Alt\u00edssimo, leve-as a s\u00e9rio, coloque a decis\u00e3o de se casar no patamar daquela decis\u00e3o mais importante da sua vida. N\u00e3o se guie por emo\u00e7\u00f5es fluidas, pense muito antes de decidir e o mais importante: ore e pe\u00e7a a dire\u00e7\u00e3o de Deus!<\/p>\n<p>Se voc\u00ea entregar a decis\u00e3o nas m\u00e3os de Deus, n\u00e3o tenha d\u00favidas de que Ele colocar\u00e1 a pessoa certa no tempo certo na sua vida para que a partir da\u00ed seja de fato como deve ser, conforme Ele ordenou: para sempre uma s\u00f3 carne!<\/p>\n","protected":false},"excerpt":{"rendered":"<p>O cap\u00edtulo 5 do livro de Prov\u00e9rbios \u00e9 todo dedicado \u00e0s tenta\u00e7\u00f5es que podem comprometer o matrim\u00f4nio, particularmente adverte em rela\u00e7\u00e3o ao adult\u00e9rio. A autoria inspirada, vem demonstrando a import\u00e2ncia do autocontrole para que o indiv\u00edduo n\u00e3o se deixe seduzir por uma terceira pessoa e assim n\u00e3o coloque seu lar a perder. Cada palavra \u00e9 [&hellip;]<\/p>\n","protected":false},"author":96,"featured_media":0,"comment_status":"closed","ping_status":"closed","sticky":false,"template":"","format":"standard","meta":{"footnotes":""},"categories":[1244],"tags":[],"class_list":["post-215280","post","type-post","status-publish","format-standard","hentry","category-oleg-abramov"],"_links":{"self":[{"href":"https:\/\/diarioregionaldigital.com.br\/index.php?rest_route=\/wp\/v2\/posts\/215280","targetHints":{"allow":["GET"]}}],"collection":[{"href":"https:\/\/diarioregionaldigital.com.br\/index.php?rest_route=\/wp\/v2\/posts"}],"about":[{"href":"https:\/\/diarioregionaldigital.com.br\/index.php?rest_route=\/wp\/v2\/types\/post"}],"author":[{"embeddable":true,"href":"https:\/\/diarioregionaldigital.com.br\/index.php?rest_route=\/wp\/v2\/users\/96"}],"replies":[{"embeddable":true,"href":"https:\/\/diarioregionaldigital.com.br\/index.php?rest_route=%2Fwp%2Fv2%2Fcomments&post=215280"}],"version-history":[{"count":1,"href":"https:\/\/diarioregionaldigital.com.br\/index.php?rest_route=\/wp\/v2\/posts\/215280\/revisions"}],"predecessor-version":[{"id":215281,"href":"https:\/\/diarioregionaldigital.com.br\/index.php?rest_route=\/wp\/v2\/posts\/215280\/revisions\/215281"}],"wp:attachment":[{"href":"https:\/\/diarioregionaldigital.com.br\/index.php?rest_route=%2Fwp%2Fv2%2Fmedia&parent=215280"}],"wp:term":[{"taxonomy":"category","embeddable":true,"href":"https:\/\/diarioregionaldigital.com.br\/index.php?rest_route=%2Fwp%2Fv2%2Fcategories&post=215280"},{"taxonomy":"post_tag","embeddable":true,"href":"https:\/\/diarioregionaldigital.com.br\/index.php?rest_route=%2Fwp%2Fv2%2Ftags&post=215280"}],"curies":[{"name":"wp","href":"https:\/\/api.w.org\/{rel}","templated":true}]}}