{"id":215278,"date":"2023-06-25T06:00:26","date_gmt":"2023-06-25T09:00:26","guid":{"rendered":"https:\/\/diarioregionaldigital.com.br\/?p=215278"},"modified":"2023-06-24T03:06:49","modified_gmt":"2023-06-24T06:06:49","slug":"a-genialidade-de-malala","status":"publish","type":"post","link":"https:\/\/diarioregionaldigital.com.br\/?p=215278","title":{"rendered":"A genialidade de Malala"},"content":{"rendered":"<p>A ativista Malala Yousafzai, pr\u00eamio Nobel da Paz de 2014, voltou ao Brasil, onde se sente muito bem. Falou para milhares de interessados: \u201cA escola n\u00e3o deveria ser um espa\u00e7o de medo. As pessoas deveriam se sentir protegidas \u00a0quando v\u00e3o para a escola e voltam para suas casas.\u201d Seria t\u00e3o bom se isso fosse uma realidade, quando se sai da teoria para a pr\u00e1tica.<\/p>\n<p>Malala tem opini\u00e3o firmada sobre a internet: \u201cTodos est\u00e3o expostos \u00e0 desinforma\u00e7\u00e3o na internet, e isso \u00e9 um grande problema, porque pode enganar as pessoas e lev\u00e1-las a coisas terr\u00edveis. \u00c9 importante que todos tenhamos responsabilidade nessas ferramentas, do diretor das plataformas aos seus usu\u00e1rios.\u201d A sua palestra no Rio de Janeiro foi muito apreciada.<\/p>\n<p>Sua tese fundamental \u00e9 de que o Brasil precisa de educa\u00e7\u00e3o digital nas escolas. No livro \u201cEu sou Malala\u201d, lan\u00e7ado em 2013, a escritora paquistanesa, graduada em Filosofia Pol\u00edtica e Economia pela Universidade de Oxford, afirma que as redes sociais s\u00e3o plataformas poderosas para atingir jovens. No seu \u00a0Instituto jovens de mais de 100 pa\u00edses compartilham suas hist\u00f3rias. Falam sobre mudan\u00e7as clim\u00e1ticas, sa\u00fade reprodutiva e seguran\u00e7a nas escolas. Discutem como se tornar agentes da mudan\u00e7a necess\u00e1ria.<\/p>\n<p>\u201cTemos que nos preocupar com a exist\u00eancia de mais de 130 milh\u00f5es de meninas fora da escola. Como utilizar a internet para corrigir isso?\u201d \u2013 pergunta ela.<\/p>\n<p>Malala criticou a desinforma\u00e7\u00e3o na Internet. \u201cDevemos ensinar as pessoas sobre o funcionamento da tecnologia, das plataformas e dos algoritmos. Assim, os jovens n\u00e3o v\u00e3o mais acreditar em informa\u00e7\u00f5es falsas. \u201cEspero convencer especialmente as meninas a respeito desses novos tempos. Quero fazer a conex\u00e3o entre suas \u00a0vozes e as vozes dos l\u00edderes.\u201d \u2013 disse ela.<\/p>\n<p>A preocupa\u00e7\u00e3o do Malala Fund se volta especialmente para as meninas negras, ind\u00edgenas e quilombolas. H\u00e1 \u00eanfase\u00a0 nos seus direitos e na educa\u00e7\u00e3o igualit\u00e1ria e segura para todos.<\/p>\n<p>Quando esteve aqui, a l\u00edder paquistanesa afirmou que o Brasil tem chance extraordin\u00e1ria de liderar esse processo, e ela quer ajudar no que couber. Vai enfatizar isso no seu novo livro de mem\u00f3rias.<\/p>\n","protected":false},"excerpt":{"rendered":"<p>A ativista Malala Yousafzai, pr\u00eamio Nobel da Paz de 2014, voltou ao Brasil, onde se sente muito bem. Falou para milhares de interessados: \u201cA escola n\u00e3o deveria ser um espa\u00e7o de medo. As pessoas deveriam se sentir protegidas \u00a0quando v\u00e3o para a escola e voltam para suas casas.\u201d Seria t\u00e3o bom se isso fosse uma [&hellip;]<\/p>\n","protected":false},"author":96,"featured_media":0,"comment_status":"closed","ping_status":"closed","sticky":false,"template":"","format":"standard","meta":{"footnotes":""},"categories":[275],"tags":[],"class_list":["post-215278","post","type-post","status-publish","format-standard","hentry","category-arnaldo-niskier"],"_links":{"self":[{"href":"https:\/\/diarioregionaldigital.com.br\/index.php?rest_route=\/wp\/v2\/posts\/215278","targetHints":{"allow":["GET"]}}],"collection":[{"href":"https:\/\/diarioregionaldigital.com.br\/index.php?rest_route=\/wp\/v2\/posts"}],"about":[{"href":"https:\/\/diarioregionaldigital.com.br\/index.php?rest_route=\/wp\/v2\/types\/post"}],"author":[{"embeddable":true,"href":"https:\/\/diarioregionaldigital.com.br\/index.php?rest_route=\/wp\/v2\/users\/96"}],"replies":[{"embeddable":true,"href":"https:\/\/diarioregionaldigital.com.br\/index.php?rest_route=%2Fwp%2Fv2%2Fcomments&post=215278"}],"version-history":[{"count":1,"href":"https:\/\/diarioregionaldigital.com.br\/index.php?rest_route=\/wp\/v2\/posts\/215278\/revisions"}],"predecessor-version":[{"id":215279,"href":"https:\/\/diarioregionaldigital.com.br\/index.php?rest_route=\/wp\/v2\/posts\/215278\/revisions\/215279"}],"wp:attachment":[{"href":"https:\/\/diarioregionaldigital.com.br\/index.php?rest_route=%2Fwp%2Fv2%2Fmedia&parent=215278"}],"wp:term":[{"taxonomy":"category","embeddable":true,"href":"https:\/\/diarioregionaldigital.com.br\/index.php?rest_route=%2Fwp%2Fv2%2Fcategories&post=215278"},{"taxonomy":"post_tag","embeddable":true,"href":"https:\/\/diarioregionaldigital.com.br\/index.php?rest_route=%2Fwp%2Fv2%2Ftags&post=215278"}],"curies":[{"name":"wp","href":"https:\/\/api.w.org\/{rel}","templated":true}]}}