{"id":215235,"date":"2023-06-22T19:56:10","date_gmt":"2023-06-22T22:56:10","guid":{"rendered":"https:\/\/diarioregionaldigital.com.br\/?p=215235"},"modified":"2023-06-22T19:56:10","modified_gmt":"2023-06-22T22:56:10","slug":"santos-tera-que-jogar-com-portoes-fechados-apos-confusao-em-classico","status":"publish","type":"post","link":"https:\/\/diarioregionaldigital.com.br\/?p=215235","title":{"rendered":"Santos ter\u00e1 que jogar com port\u00f5es fechados ap\u00f3s confus\u00e3o em cl\u00e1ssico"},"content":{"rendered":"<p><a href=\"https:\/\/agenciabrasil.ebc.com.br\/esportes\/noticia\/2023-06\/fluminense-e-atletico-mg-nao-passam-do-1-1-no-raulino-de-oliveira\" target=\"_blank\" rel=\"noopener\">Um dia ap\u00f3s ser derrotado por 2 a 0 pelo Corinthians na Vila Belmiro em partida que foi interrompida aos 44 minutos do segundo tempo, quando parte da torcida da equipe da casa jogou bombas e sinalizadores no gramado<\/a>, o presidente do Superior Tribunal de Justi\u00e7a Desportiva (STJD), Jos\u00e9 Perdiz, acatou o pedido da procuradoria da entidade e determinou, na tarde desta quinta-feira (22), que os jogos disputados na casa do Peixe tenham port\u00f5es fechados.<img decoding=\"async\" src=\"https:\/\/agenciabrasil.ebc.com.br\/ebc.png?id=1539880&amp;o=node\" \/><img decoding=\"async\" src=\"https:\/\/agenciabrasil.ebc.com.br\/ebc.gif?id=1539880&amp;o=node\" \/><\/p>\n<p>Segundo nota emitida pelo STJD, \u201co primeiro dia da puni\u00e7\u00e3o ser\u00e1 no domingo [25], quando o Santos vai enfrentar o Flamengo com port\u00f5es fechados pelo Campeonato Brasileiro masculino e feminino\u201d. A decis\u00e3o do tribunal tem validade de 30 dias, at\u00e9 o julgamento do caso na primeira inst\u00e2ncia do STJD. Neste per\u00edodo, o Santos tamb\u00e9m n\u00e3o poder\u00e1 ter torcida nos jogos em que for visitante.<\/p>\n<p>A confus\u00e3o, que teve in\u00edcio dentro da Vila Belmiro, se espalhou para os arredores do est\u00e1dio. Segundo a Secretaria de Seguran\u00e7a P\u00fablica do Estado de S\u00e3o Paulo, alguns torcedores, que ficaram descontentes com o resultado do jogo, \u201crealizaram depreda\u00e7\u00f5es do lado de fora do est\u00e1dio, ap\u00f3s o encerramento da partida\u201d. Com isso, policiais tiveram que agir para dispersar a multid\u00e3o.<\/p>\n<p>Segundo a for\u00e7a de seguran\u00e7a, \u201cningu\u00e9m ficou ferido e o caso \u00e9 investigado pela Delegacia de Repress\u00e3o aos Delitos de Intoler\u00e2ncia Esportiva [Drade], que instaurou inqu\u00e9rito policial para apurar os fatos\u201d.<\/p>\n<p><span style=\"font-weight: 400;\"><br \/>\n<\/span><span style=\"font-weight: 400;\">Fonte: Ag\u00eancia Brasil <\/span><\/p>\n","protected":false},"excerpt":{"rendered":"<p>Um dia ap\u00f3s ser derrotado por 2 a 0 pelo Corinthians na Vila Belmiro em partida que foi interrompida aos 44 minutos do segundo tempo, quando parte da torcida da equipe da casa jogou bombas e sinalizadores no gramado, o presidente do Superior Tribunal de Justi\u00e7a Desportiva (STJD), Jos\u00e9 Perdiz, acatou o pedido da procuradoria [&hellip;]<\/p>\n","protected":false},"author":246,"featured_media":215236,"comment_status":"closed","ping_status":"closed","sticky":false,"template":"","format":"standard","meta":{"footnotes":""},"categories":[436,257,439],"tags":[],"class_list":["post-215235","post","type-post","status-publish","format-standard","has-post-thumbnail","hentry","category-destaque-da-semana","category-esporte","category-ultima-hora"],"_links":{"self":[{"href":"https:\/\/diarioregionaldigital.com.br\/index.php?rest_route=\/wp\/v2\/posts\/215235","targetHints":{"allow":["GET"]}}],"collection":[{"href":"https:\/\/diarioregionaldigital.com.br\/index.php?rest_route=\/wp\/v2\/posts"}],"about":[{"href":"https:\/\/diarioregionaldigital.com.br\/index.php?rest_route=\/wp\/v2\/types\/post"}],"author":[{"embeddable":true,"href":"https:\/\/diarioregionaldigital.com.br\/index.php?rest_route=\/wp\/v2\/users\/246"}],"replies":[{"embeddable":true,"href":"https:\/\/diarioregionaldigital.com.br\/index.php?rest_route=%2Fwp%2Fv2%2Fcomments&post=215235"}],"version-history":[{"count":1,"href":"https:\/\/diarioregionaldigital.com.br\/index.php?rest_route=\/wp\/v2\/posts\/215235\/revisions"}],"predecessor-version":[{"id":215237,"href":"https:\/\/diarioregionaldigital.com.br\/index.php?rest_route=\/wp\/v2\/posts\/215235\/revisions\/215237"}],"wp:featuredmedia":[{"embeddable":true,"href":"https:\/\/diarioregionaldigital.com.br\/index.php?rest_route=\/wp\/v2\/media\/215236"}],"wp:attachment":[{"href":"https:\/\/diarioregionaldigital.com.br\/index.php?rest_route=%2Fwp%2Fv2%2Fmedia&parent=215235"}],"wp:term":[{"taxonomy":"category","embeddable":true,"href":"https:\/\/diarioregionaldigital.com.br\/index.php?rest_route=%2Fwp%2Fv2%2Fcategories&post=215235"},{"taxonomy":"post_tag","embeddable":true,"href":"https:\/\/diarioregionaldigital.com.br\/index.php?rest_route=%2Fwp%2Fv2%2Ftags&post=215235"}],"curies":[{"name":"wp","href":"https:\/\/api.w.org\/{rel}","templated":true}]}}