{"id":215226,"date":"2023-06-22T19:37:49","date_gmt":"2023-06-22T22:37:49","guid":{"rendered":"https:\/\/diarioregionaldigital.com.br\/?p=215226"},"modified":"2023-06-22T19:37:49","modified_gmt":"2023-06-22T22:37:49","slug":"stf-marca-posse-de-zanin-para-3-de-agosto","status":"publish","type":"post","link":"https:\/\/diarioregionaldigital.com.br\/?p=215226","title":{"rendered":"STF marca posse de Zanin para 3 de agosto"},"content":{"rendered":"<p>O Supremo Tribunal Federal (STF) definiu que a posse de Cristiano Zanin no cargo de ministro da Corte ser\u00e1 no dia 3 de agosto.<img decoding=\"async\" src=\"https:\/\/agenciabrasil.ebc.com.br\/ebc.png?id=1539940&amp;o=node\" \/><img decoding=\"async\" src=\"https:\/\/agenciabrasil.ebc.com.br\/ebc.gif?id=1539940&amp;o=node\" \/><\/p>\n<p>A data foi definida ap\u00f3s reuni\u00e3o entre o novo ministro e a presidente do STF, ministra Rosa Weber. O encontro durou cerca de 40 minutos.<\/p>\n<p>Durante a primeira\u00a0<a href=\"https:\/\/agenciabrasil.ebc.com.br\/justica\/noticia\/2023-06\/zanin-fara-primeira-visita-ao-stf-apos-aprovacao-pelo-senado\" target=\"_blank\" rel=\"noopener\">visita ao Supremo<\/a>\u00a0<a href=\"https:\/\/agenciabrasil.ebc.com.br\/politica\/noticia\/2023-06\/senado-aprova-indicacao-de-cristiano-zanin-para-o-stf\" target=\"_blank\" rel=\"noopener\">ap\u00f3s ser aprovado pelo Senado<\/a>, Cristiano Zanin foi apresentado aos demais ministros e acertou detalhes administrativos sobre o funcionamento do gabinete.<\/p>\n<p>Zanin tem 47 anos e poder\u00e1\u00a0atuar na Corte por 28 anos. A aposentadoria compuls\u00f3ria de ministros do Supremo ocorre aos 75 anos.<\/p>\n<p>Ele vai ocupar a cadeira deixada pelo ministro Ricardo Lewandowski, que se aposentou em maio deste ano.<\/p>\n<p><span style=\"font-weight: 400;\">Fonte: Ag\u00eancia Brasil <\/span><\/p>\n","protected":false},"excerpt":{"rendered":"<p>O Supremo Tribunal Federal (STF) definiu que a posse de Cristiano Zanin no cargo de ministro da Corte ser\u00e1 no dia 3 de agosto. A data foi definida ap\u00f3s reuni\u00e3o entre o novo ministro e a presidente do STF, ministra Rosa Weber. O encontro durou cerca de 40 minutos. Durante a primeira\u00a0visita ao Supremo\u00a0ap\u00f3s ser [&hellip;]<\/p>\n","protected":false},"author":246,"featured_media":215227,"comment_status":"closed","ping_status":"closed","sticky":false,"template":"","format":"standard","meta":{"footnotes":""},"categories":[436,254,439],"tags":[],"class_list":["post-215226","post","type-post","status-publish","format-standard","has-post-thumbnail","hentry","category-destaque-da-semana","category-politica","category-ultima-hora"],"_links":{"self":[{"href":"https:\/\/diarioregionaldigital.com.br\/index.php?rest_route=\/wp\/v2\/posts\/215226","targetHints":{"allow":["GET"]}}],"collection":[{"href":"https:\/\/diarioregionaldigital.com.br\/index.php?rest_route=\/wp\/v2\/posts"}],"about":[{"href":"https:\/\/diarioregionaldigital.com.br\/index.php?rest_route=\/wp\/v2\/types\/post"}],"author":[{"embeddable":true,"href":"https:\/\/diarioregionaldigital.com.br\/index.php?rest_route=\/wp\/v2\/users\/246"}],"replies":[{"embeddable":true,"href":"https:\/\/diarioregionaldigital.com.br\/index.php?rest_route=%2Fwp%2Fv2%2Fcomments&post=215226"}],"version-history":[{"count":1,"href":"https:\/\/diarioregionaldigital.com.br\/index.php?rest_route=\/wp\/v2\/posts\/215226\/revisions"}],"predecessor-version":[{"id":215228,"href":"https:\/\/diarioregionaldigital.com.br\/index.php?rest_route=\/wp\/v2\/posts\/215226\/revisions\/215228"}],"wp:featuredmedia":[{"embeddable":true,"href":"https:\/\/diarioregionaldigital.com.br\/index.php?rest_route=\/wp\/v2\/media\/215227"}],"wp:attachment":[{"href":"https:\/\/diarioregionaldigital.com.br\/index.php?rest_route=%2Fwp%2Fv2%2Fmedia&parent=215226"}],"wp:term":[{"taxonomy":"category","embeddable":true,"href":"https:\/\/diarioregionaldigital.com.br\/index.php?rest_route=%2Fwp%2Fv2%2Fcategories&post=215226"},{"taxonomy":"post_tag","embeddable":true,"href":"https:\/\/diarioregionaldigital.com.br\/index.php?rest_route=%2Fwp%2Fv2%2Ftags&post=215226"}],"curies":[{"name":"wp","href":"https:\/\/api.w.org\/{rel}","templated":true}]}}