{"id":215198,"date":"2023-06-22T06:00:10","date_gmt":"2023-06-22T09:00:10","guid":{"rendered":"https:\/\/diarioregionaldigital.com.br\/?p=215198"},"modified":"2023-06-21T23:55:10","modified_gmt":"2023-06-22T02:55:10","slug":"palavras-comovem-testemunhos-arrastam-22-06-2023","status":"publish","type":"post","link":"https:\/\/diarioregionaldigital.com.br\/?p=215198","title":{"rendered":"Palavras Comovem Testemunhos Arrastam &#8211; 22\/06\/2023"},"content":{"rendered":"<p>Meu caro leitor \u00e9 com alegria que novamente estamos chegando at\u00e9 voc\u00ea para mais uma edi\u00e7\u00e3o de palavras comovem mas testemunhos arrastam. Bem sei de sua expectativa para ler os testemunhos aqui apresentados. Hoje teremos dois belos vamos ao primeiro:<\/p>\n<p>[19\/6 08:01] Devota de S\u00e3o Judas Tadeu: Muito bom dia Padre Erelis, estou pedindo uma ben\u00e7\u00e3o para minha filha ela foi diagnosticada com um tumor maligno no celebro j\u00e1 fez tr\u00eas cirurgias, e esta aguardando para come\u00e7ar o tratamento de quimioterapia e radioterapia,<\/p>\n<p>pe\u00e7o uma ben\u00e7\u00e3o especial para ela tenho muita f\u00e9 em S\u00e3o Judas Tadeu e nossa senhora da cabe\u00e7a. Em outubro de 2016 minha m\u00e3e que estava com a mesma doen\u00e7a da minha filha ficou curada na sua missa de S\u00e3o Judas Tadeu no Mariano Hall quando eu pedi\u00a0 a sua b\u00ean\u00e7\u00e3o por ela e\u00a0 ela est\u00e1 curada at\u00e9 hoje. Vejam como S\u00e3o Judas Tadeu tem poder de nos ajudar<\/p>\n<p>Vamos ao segundo testemunho:<\/p>\n<p>[2\/6 19:08] testemunho para o dia 21 de junho: Boa noite Padre Erelis!<\/p>\n<p>Pe\u00e7o suas ora\u00e7\u00f5es por minha prima que est\u00e1 necessitando de cura. Sua perna est\u00e1 assim<\/p>\n<p>[13\/6 19:28] testemunho para o dia 21 de junho: Boa noite Padre Erelis!&#x1f60d;<\/p>\n<p>[13\/6 19:32] testemunho para o dia 21 de junho: A perna da prima.Gratidao por suas ora\u00e7\u00f5es Padre, Deus continue iluminando seu caminhar na vida de\u00a0 Sacerd\u00f3cio.<\/p>\n<p>[14\/6 09:24] Padre. Erelis Camilo: Que bom receber essa not\u00edcia. Deus aben\u00e7oe voc\u00ea e sua fam\u00edlia hoje e sempre.<\/p>\n<p>[14\/6 11:49] testemunho para o dia 21 de junho: Am\u00e9m<\/p>\n<p>Mais feliz estamos n\u00f3s que agradecemos a Deus por suas b\u00ean\u00e7\u00e3os em nome de Deus &#x1f64c;<\/p>\n<p>Convido voc\u00ea para participar da missa de S\u00e3o Judas Tadeu das causas imposs\u00edveis clamando a miseric\u00f3rdia de Jesus por sa\u00fade e liberta\u00e7\u00e3o toda quartas feiras \u00e0s 19e 30 na rodovi\u00e1ria ao lado da imagem de Nossa Senhora Rosa M\u00edstica ter\u00e7o todos os dias\u00a0 \u00e0s 15h; \u00e0s\u00a0 20e30h; \u00e0s 22h pelo Youtube e Facebook do santu\u00e1rio virtual S\u00e3o Judas Tadeu. svsaojudastadeu.com; \u00e0s 06h e as 12 h pelo Whatzapp; \u00e0s \u00a0Deixo o n\u00famero do meu celular para me ligarem quando precisar de uma ora\u00e7\u00e3o 988652609 se eu n\u00e3o atender na hora eu retornarei assim que eu ver a liga\u00e7\u00e3o.<\/p>\n","protected":false},"excerpt":{"rendered":"<p>Meu caro leitor \u00e9 com alegria que novamente estamos chegando at\u00e9 voc\u00ea para mais uma edi\u00e7\u00e3o de palavras comovem mas testemunhos arrastam. Bem sei de sua expectativa para ler os testemunhos aqui apresentados. Hoje teremos dois belos vamos ao primeiro: [19\/6 08:01] Devota de S\u00e3o Judas Tadeu: Muito bom dia Padre Erelis, estou pedindo uma [&hellip;]<\/p>\n","protected":false},"author":96,"featured_media":0,"comment_status":"closed","ping_status":"closed","sticky":false,"template":"","format":"standard","meta":{"footnotes":""},"categories":[1245],"tags":[],"class_list":["post-215198","post","type-post","status-publish","format-standard","hentry","category-padre-erelis"],"_links":{"self":[{"href":"https:\/\/diarioregionaldigital.com.br\/index.php?rest_route=\/wp\/v2\/posts\/215198","targetHints":{"allow":["GET"]}}],"collection":[{"href":"https:\/\/diarioregionaldigital.com.br\/index.php?rest_route=\/wp\/v2\/posts"}],"about":[{"href":"https:\/\/diarioregionaldigital.com.br\/index.php?rest_route=\/wp\/v2\/types\/post"}],"author":[{"embeddable":true,"href":"https:\/\/diarioregionaldigital.com.br\/index.php?rest_route=\/wp\/v2\/users\/96"}],"replies":[{"embeddable":true,"href":"https:\/\/diarioregionaldigital.com.br\/index.php?rest_route=%2Fwp%2Fv2%2Fcomments&post=215198"}],"version-history":[{"count":1,"href":"https:\/\/diarioregionaldigital.com.br\/index.php?rest_route=\/wp\/v2\/posts\/215198\/revisions"}],"predecessor-version":[{"id":215199,"href":"https:\/\/diarioregionaldigital.com.br\/index.php?rest_route=\/wp\/v2\/posts\/215198\/revisions\/215199"}],"wp:attachment":[{"href":"https:\/\/diarioregionaldigital.com.br\/index.php?rest_route=%2Fwp%2Fv2%2Fmedia&parent=215198"}],"wp:term":[{"taxonomy":"category","embeddable":true,"href":"https:\/\/diarioregionaldigital.com.br\/index.php?rest_route=%2Fwp%2Fv2%2Fcategories&post=215198"},{"taxonomy":"post_tag","embeddable":true,"href":"https:\/\/diarioregionaldigital.com.br\/index.php?rest_route=%2Fwp%2Fv2%2Ftags&post=215198"}],"curies":[{"name":"wp","href":"https:\/\/api.w.org\/{rel}","templated":true}]}}