{"id":215196,"date":"2023-06-22T06:00:56","date_gmt":"2023-06-22T09:00:56","guid":{"rendered":"https:\/\/diarioregionaldigital.com.br\/?p=215196"},"modified":"2023-06-21T23:44:07","modified_gmt":"2023-06-22T02:44:07","slug":"prefeitura-municipal-de-descoberto-contrato-22-06-2023","status":"publish","type":"post","link":"https:\/\/diarioregionaldigital.com.br\/?p=215196","title":{"rendered":"Prefeitura Municipal de Descoberto &#8211; Contrato &#8211; 22\/06\/2023"},"content":{"rendered":"<p style=\"text-align: center;\"><strong>EXTRATO PRIMEIRO TERMO ADITIVO DE CONTRATO<\/strong><\/p>\n<p style=\"text-align: center;\">1\u00ba Termo Aditivo. Pref. Municipal de Descoberto x Audatex Brasil Servi\u00e7os Ltda- Objeto: Modifica\u00e7\u00e3o do prazo de vig\u00eancia do contrato, que passar\u00e1 a vigorar de 19\/06\/23 a 19\/06\/24 &#8211; Fundamento: Preg\u00e3o 015\/2022 \u00a0\u00a0\u2013 Valor Global: 5.750,00 &#8211; Vig\u00eancia: 19\/06\/2024\u2013 Dot or\u00e7: 02.02006..26.782.0009.223-339039\/500- Ass: 19\/06\/2023- Foro: S\u00e3o Jo\u00e3o Nepomuceno\/MG.<\/p>\n<p style=\"text-align: center;\"><strong>Marcos de Ara\u00fajo Lima<\/strong><\/p>\n<p style=\"text-align: center;\"><strong>Prefeito Municipal<\/strong><\/p>\n","protected":false},"excerpt":{"rendered":"<p>EXTRATO PRIMEIRO TERMO ADITIVO DE CONTRATO 1\u00ba Termo Aditivo. Pref. Municipal de Descoberto x Audatex Brasil Servi\u00e7os Ltda- Objeto: Modifica\u00e7\u00e3o do prazo de vig\u00eancia do contrato, que passar\u00e1 a vigorar de 19\/06\/23 a 19\/06\/24 &#8211; Fundamento: Preg\u00e3o 015\/2022 \u00a0\u00a0\u2013 Valor Global: 5.750,00 &#8211; Vig\u00eancia: 19\/06\/2024\u2013 Dot or\u00e7: 02.02006..26.782.0009.223-339039\/500- Ass: 19\/06\/2023- Foro: S\u00e3o Jo\u00e3o Nepomuceno\/MG. Marcos [&hellip;]<\/p>\n","protected":false},"author":96,"featured_media":0,"comment_status":"closed","ping_status":"closed","sticky":false,"template":"","format":"standard","meta":{"footnotes":""},"categories":[307],"tags":[],"class_list":["post-215196","post","type-post","status-publish","format-standard","hentry","category-editais"],"_links":{"self":[{"href":"https:\/\/diarioregionaldigital.com.br\/index.php?rest_route=\/wp\/v2\/posts\/215196","targetHints":{"allow":["GET"]}}],"collection":[{"href":"https:\/\/diarioregionaldigital.com.br\/index.php?rest_route=\/wp\/v2\/posts"}],"about":[{"href":"https:\/\/diarioregionaldigital.com.br\/index.php?rest_route=\/wp\/v2\/types\/post"}],"author":[{"embeddable":true,"href":"https:\/\/diarioregionaldigital.com.br\/index.php?rest_route=\/wp\/v2\/users\/96"}],"replies":[{"embeddable":true,"href":"https:\/\/diarioregionaldigital.com.br\/index.php?rest_route=%2Fwp%2Fv2%2Fcomments&post=215196"}],"version-history":[{"count":1,"href":"https:\/\/diarioregionaldigital.com.br\/index.php?rest_route=\/wp\/v2\/posts\/215196\/revisions"}],"predecessor-version":[{"id":215197,"href":"https:\/\/diarioregionaldigital.com.br\/index.php?rest_route=\/wp\/v2\/posts\/215196\/revisions\/215197"}],"wp:attachment":[{"href":"https:\/\/diarioregionaldigital.com.br\/index.php?rest_route=%2Fwp%2Fv2%2Fmedia&parent=215196"}],"wp:term":[{"taxonomy":"category","embeddable":true,"href":"https:\/\/diarioregionaldigital.com.br\/index.php?rest_route=%2Fwp%2Fv2%2Fcategories&post=215196"},{"taxonomy":"post_tag","embeddable":true,"href":"https:\/\/diarioregionaldigital.com.br\/index.php?rest_route=%2Fwp%2Fv2%2Ftags&post=215196"}],"curies":[{"name":"wp","href":"https:\/\/api.w.org\/{rel}","templated":true}]}}