{"id":215187,"date":"2023-06-21T20:17:02","date_gmt":"2023-06-21T23:17:02","guid":{"rendered":"https:\/\/diarioregionaldigital.com.br\/?p=215187"},"modified":"2023-06-21T20:17:02","modified_gmt":"2023-06-21T23:17:02","slug":"coleta-seletiva-na-praca-recolhe-materiais-reciclaveis-na-praca-da-estacao","status":"publish","type":"post","link":"https:\/\/diarioregionaldigital.com.br\/?p=215187","title":{"rendered":"Coleta Seletiva na Pra\u00e7a recolhe materiais recicl\u00e1veis na Pra\u00e7a da Esta\u00e7\u00e3o"},"content":{"rendered":"<p>Segundo informa\u00e7\u00f5es do site da Prefeitura de Juiz de Fora (PJF), a PJF, em parceria com associa\u00e7\u00f5es de catadores de materiais recicl\u00e1veis, realiza a Coleta Seletiva na Pra\u00e7a da Esta\u00e7\u00e3o toda quinta-feira, de 9h \u00e0s 17h. S\u00f3 no \u00faltimo dia 15, foram recolhidos 300 quilos de material<\/p>\n<p>Ao todo, j\u00e1 foi recolhida quase uma tonelada de recicl\u00e1veis em menos de dois meses, quando come\u00e7ou a campanha. Al\u00e9m de contribuir para a preserva\u00e7\u00e3o do meio-ambiente, a renda gerada desses materiais \u00e9 direcionada para as associa\u00e7\u00f5es de catadores que separam os itens.<\/p>\n<p>A Coleta Seletiva na Pra\u00e7a \u00e9 pensada para a participa\u00e7\u00e3o de toda popula\u00e7\u00e3o, que pode descartar os seguintes res\u00edduos de forma sustent\u00e1vel:<\/p>\n<p>&#8211; Pl\u00e1stico, inclusive isopor;<\/p>\n<p>&#8211; Papel;<\/p>\n<p>&#8211; Vidro;<\/p>\n<p>&#8211; Metal;<\/p>\n<p>&#8211; Eletr\u00f4nicos, como aparelhos telef\u00f4nicos, pe\u00e7as de computador, eletrodom\u00e9sticos, entre outros;<\/p>\n<p>&#8211; \u00d3leo de cozinha.<\/p>\n<p>Para garantir melhor aproveitamento de materiais e tamb\u00e9m a seguran\u00e7a dos catadores, vale seguir algumas dicas na hora de descartar:<\/p>\n<p>&#8211; \u00c9 recomend\u00e1vel limpar embalagens de pl\u00e1stico e isopor que estejam com restos de comida, como marmitex e caixas de leite;<\/p>\n<p>&#8211; A melhor op\u00e7\u00e3o para descarte do \u00f3leo de cozinha \u00e9 na garrafa PET;<\/p>\n<p>&#8211; Se o vidro estiver inteiro, n\u00e3o precisa embal\u00e1-lo para descarte. Se ele estiver quebrado, leve-o dentro de uma garrafa PET ou caixa de papel\u00e3o.<\/p>\n<p>Separe o seu lixo e participe da Coleta Seletiva na Pra\u00e7a. Voc\u00ea leva, os catadores separam e toda cidade ganha!<\/p>\n","protected":false},"excerpt":{"rendered":"<p>Segundo informa\u00e7\u00f5es do site da Prefeitura de Juiz de Fora (PJF), a PJF, em parceria com associa\u00e7\u00f5es de catadores de materiais recicl\u00e1veis, realiza a Coleta Seletiva na Pra\u00e7a da Esta\u00e7\u00e3o toda quinta-feira, de 9h \u00e0s 17h. S\u00f3 no \u00faltimo dia 15, foram recolhidos 300 quilos de material Ao todo, j\u00e1 foi recolhida quase uma tonelada [&hellip;]<\/p>\n","protected":false},"author":246,"featured_media":215188,"comment_status":"closed","ping_status":"closed","sticky":false,"template":"","format":"standard","meta":{"footnotes":""},"categories":[253,436,439],"tags":[],"class_list":["post-215187","post","type-post","status-publish","format-standard","has-post-thumbnail","hentry","category-cidade","category-destaque-da-semana","category-ultima-hora"],"_links":{"self":[{"href":"https:\/\/diarioregionaldigital.com.br\/index.php?rest_route=\/wp\/v2\/posts\/215187","targetHints":{"allow":["GET"]}}],"collection":[{"href":"https:\/\/diarioregionaldigital.com.br\/index.php?rest_route=\/wp\/v2\/posts"}],"about":[{"href":"https:\/\/diarioregionaldigital.com.br\/index.php?rest_route=\/wp\/v2\/types\/post"}],"author":[{"embeddable":true,"href":"https:\/\/diarioregionaldigital.com.br\/index.php?rest_route=\/wp\/v2\/users\/246"}],"replies":[{"embeddable":true,"href":"https:\/\/diarioregionaldigital.com.br\/index.php?rest_route=%2Fwp%2Fv2%2Fcomments&post=215187"}],"version-history":[{"count":1,"href":"https:\/\/diarioregionaldigital.com.br\/index.php?rest_route=\/wp\/v2\/posts\/215187\/revisions"}],"predecessor-version":[{"id":215189,"href":"https:\/\/diarioregionaldigital.com.br\/index.php?rest_route=\/wp\/v2\/posts\/215187\/revisions\/215189"}],"wp:featuredmedia":[{"embeddable":true,"href":"https:\/\/diarioregionaldigital.com.br\/index.php?rest_route=\/wp\/v2\/media\/215188"}],"wp:attachment":[{"href":"https:\/\/diarioregionaldigital.com.br\/index.php?rest_route=%2Fwp%2Fv2%2Fmedia&parent=215187"}],"wp:term":[{"taxonomy":"category","embeddable":true,"href":"https:\/\/diarioregionaldigital.com.br\/index.php?rest_route=%2Fwp%2Fv2%2Fcategories&post=215187"},{"taxonomy":"post_tag","embeddable":true,"href":"https:\/\/diarioregionaldigital.com.br\/index.php?rest_route=%2Fwp%2Fv2%2Ftags&post=215187"}],"curies":[{"name":"wp","href":"https:\/\/api.w.org\/{rel}","templated":true}]}}