{"id":215166,"date":"2023-06-21T19:22:14","date_gmt":"2023-06-21T22:22:14","guid":{"rendered":"https:\/\/diarioregionaldigital.com.br\/?p=215166"},"modified":"2023-06-21T19:22:14","modified_gmt":"2023-06-21T22:22:14","slug":"relator-no-stf-inicia-voto-sobre-validade-do-juiz-de-garantias","status":"publish","type":"post","link":"https:\/\/diarioregionaldigital.com.br\/?p=215166","title":{"rendered":"Relator no STF inicia voto sobre validade do juiz de garantias"},"content":{"rendered":"<p>O ministro Luiz Fux (foto), do Supremo Tribunal Federal (STF), iniciou hoje (21) a leitura do voto sobre a constitucionalidade do juiz de garantias, mecanismo no qual o magistrado respons\u00e1vel pela senten\u00e7a n\u00e3o \u00e9 o mesmo que analisa as cautelares durante o processo criminal.<img decoding=\"async\" src=\"https:\/\/agenciabrasil.ebc.com.br\/ebc.png?id=1539569&amp;o=node\" \/><img decoding=\"async\" src=\"https:\/\/agenciabrasil.ebc.com.br\/ebc.gif?id=1539569&amp;o=node\" \/><\/p>\n<p>Em sua manifesta\u00e7\u00e3o, Fux, que \u00e9 relator do caso, questionou a legalidade da tramita\u00e7\u00e3o do pacote anticrime, que criou o mecanismo. Para o ministro, a aprova\u00e7\u00e3o foi feita \u00e0s pressas e n\u00e3o seguiu o rito adequado no Congresso Nacional, sem a participa\u00e7\u00e3o do Judici\u00e1rio.<\/p>\n<p>&#8220;Sem estudo, sem dizer como seria implementado, como se pode impor ao Poder Judici\u00e1rio uma lei de tamanha envergadura?&#8221;, questionou.<\/p>\n<p>Ap\u00f3s a primeira parte do voto de Fux, a sess\u00e3o foi suspensa e ser\u00e1 retomada amanh\u00e3 (22).<\/p>\n<p>A Corte julga definitivamente quatro a\u00e7\u00f5es propostas por partidos pol\u00edticos e entidades que s\u00e3o contra o mecanismo.<\/p>\n<p>A ado\u00e7\u00e3o do juiz de garantias estava prevista para entrar em vigor no dia 23 de janeiro de 2020, conforme o pacote anticrime aprovado pelo Congresso Nacional. No entanto, foi suspensa por liminar de Fux.<\/p>\n<h2>Entenda<\/h2>\n<p>Entre as diversas altera\u00e7\u00f5es no C\u00f3digo de Processo Penal (CPP), o pacote anticrime estabeleceu o juiz de garantias, que \u00e9 o magistrado que deve atuar na fase de investiga\u00e7\u00e3o criminal, decidindo sobre todos os pedidos do Minist\u00e9rio P\u00fablico ou da autoridade policial que digam respeito \u00e0 apura\u00e7\u00e3o de um crime, como, por exemplo, quebras de sigilo ou pris\u00f5es preventivas. Ele, contudo, n\u00e3o poder\u00e1 proferir senten\u00e7as.<\/p>\n<p>De acordo com nova a lei, a atua\u00e7\u00e3o do juiz de garantias se encerra ap\u00f3s ele decidir se aceita eventual den\u00fancia apresentada pelo Minist\u00e9rio P\u00fablico. Caso a pe\u00e7a acusat\u00f3ria seja aceita, \u00e9 aberta uma a\u00e7\u00e3o penal, na qual passa a atuar outro juiz, que ficar\u00e1 encarregado de ouvir as partes, estudar as alega\u00e7\u00f5es finais e proferir uma senten\u00e7a.<\/p>\n<p><span style=\"font-weight: 400;\">Fonte: Ag\u00eancia Brasil <\/span><\/p>\n","protected":false},"excerpt":{"rendered":"<p>O ministro Luiz Fux (foto), do Supremo Tribunal Federal (STF), iniciou hoje (21) a leitura do voto sobre a constitucionalidade do juiz de garantias, mecanismo no qual o magistrado respons\u00e1vel pela senten\u00e7a n\u00e3o \u00e9 o mesmo que analisa as cautelares durante o processo criminal. Em sua manifesta\u00e7\u00e3o, Fux, que \u00e9 relator do caso, questionou a [&hellip;]<\/p>\n","protected":false},"author":246,"featured_media":215167,"comment_status":"closed","ping_status":"closed","sticky":false,"template":"","format":"standard","meta":{"footnotes":""},"categories":[436,254,439],"tags":[],"class_list":["post-215166","post","type-post","status-publish","format-standard","has-post-thumbnail","hentry","category-destaque-da-semana","category-politica","category-ultima-hora"],"_links":{"self":[{"href":"https:\/\/diarioregionaldigital.com.br\/index.php?rest_route=\/wp\/v2\/posts\/215166","targetHints":{"allow":["GET"]}}],"collection":[{"href":"https:\/\/diarioregionaldigital.com.br\/index.php?rest_route=\/wp\/v2\/posts"}],"about":[{"href":"https:\/\/diarioregionaldigital.com.br\/index.php?rest_route=\/wp\/v2\/types\/post"}],"author":[{"embeddable":true,"href":"https:\/\/diarioregionaldigital.com.br\/index.php?rest_route=\/wp\/v2\/users\/246"}],"replies":[{"embeddable":true,"href":"https:\/\/diarioregionaldigital.com.br\/index.php?rest_route=%2Fwp%2Fv2%2Fcomments&post=215166"}],"version-history":[{"count":1,"href":"https:\/\/diarioregionaldigital.com.br\/index.php?rest_route=\/wp\/v2\/posts\/215166\/revisions"}],"predecessor-version":[{"id":215168,"href":"https:\/\/diarioregionaldigital.com.br\/index.php?rest_route=\/wp\/v2\/posts\/215166\/revisions\/215168"}],"wp:featuredmedia":[{"embeddable":true,"href":"https:\/\/diarioregionaldigital.com.br\/index.php?rest_route=\/wp\/v2\/media\/215167"}],"wp:attachment":[{"href":"https:\/\/diarioregionaldigital.com.br\/index.php?rest_route=%2Fwp%2Fv2%2Fmedia&parent=215166"}],"wp:term":[{"taxonomy":"category","embeddable":true,"href":"https:\/\/diarioregionaldigital.com.br\/index.php?rest_route=%2Fwp%2Fv2%2Fcategories&post=215166"},{"taxonomy":"post_tag","embeddable":true,"href":"https:\/\/diarioregionaldigital.com.br\/index.php?rest_route=%2Fwp%2Fv2%2Ftags&post=215166"}],"curies":[{"name":"wp","href":"https:\/\/api.w.org\/{rel}","templated":true}]}}