{"id":215160,"date":"2023-06-21T19:14:01","date_gmt":"2023-06-21T22:14:01","guid":{"rendered":"https:\/\/diarioregionaldigital.com.br\/?p=215160"},"modified":"2023-06-21T19:14:01","modified_gmt":"2023-06-21T22:14:01","slug":"moraes-determina-que-monark-preste-depoimento-a-pf-em-10-dias","status":"publish","type":"post","link":"https:\/\/diarioregionaldigital.com.br\/?p=215160","title":{"rendered":"Moraes determina que Monark preste depoimento \u00e0 PF em 10 dias"},"content":{"rendered":"<p>O ministro Alexandre de Moraes, do Supremo Tribunal Federal (STF), determinou, nesta quarta-feira (21), que o influenciador digital Bruno Monteiro Aiub, conhecido como Monark, preste depoimento \u00e0 Pol\u00edcia Federal (PF) no prazo dez dias.<img decoding=\"async\" src=\"https:\/\/agenciabrasil.ebc.com.br\/ebc.png?id=1539562&amp;o=node\" \/><img decoding=\"async\" src=\"https:\/\/agenciabrasil.ebc.com.br\/ebc.gif?id=1539562&amp;o=node\" \/><\/p>\n<p>Na semana passada, Moraes determinou o bloqueio das redes sociais do influenciador ap\u00f3s publica\u00e7\u00e3o um v\u00eddeo na rede social Rumble, no dia 5 de junho. Na grava\u00e7\u00e3o, Bruno Aiub comenta sobre o papel do Supremo e do Tribunal Superior eleitoral (TSE) e faz insinua\u00e7\u00f5es sobre a credibilidade do processo eleitoral.<\/p>\n<p>O ministro determinou o\u00a0<a href=\"https:\/\/agenciabrasil.ebc.com.br\/justica\/noticia\/2023-06\/moraes-determina-que-monark-preste-depoimento-pf\" target=\"_blank\" rel=\"noopener\">depoimento do influenciador em cinco dias<\/a>, mas a defesa pediu acesso ao processo antes de prestar depoimento. Ap\u00f3s autorizar o acesso, Moraes concedeu novo prazo de dez dias.<\/p>\n<p>&#8220;O senhor Bruno informa que est\u00e1 inteiramente \u00e0 disposi\u00e7\u00e3o para prestar os seus esclarecimentos no presente caso, sem criar qualquer obst\u00e1culo para a consecu\u00e7\u00e3o das investiga\u00e7\u00f5es. Contudo, n\u00e3o poder\u00e1 faz\u00ea-lo sem antes ter acesso \u00e0 \u00edntegra dos autos, de todos os seus apensos&#8221;, afirmou a defesa.<\/p>\n<p>Ap\u00f3s a decis\u00e3o de Moraes, o Rumble e o Twitter recorreram do bloqueio das contas de Monark. As empresas defendem que eventuais conte\u00fados ilegais devem ser retirados, mas sem a suspens\u00e3o integral da conta.<\/p>\n<p><span style=\"font-weight: 400;\">Fonte: Ag\u00eancia Brasil <\/span><\/p>\n","protected":false},"excerpt":{"rendered":"<p>O ministro Alexandre de Moraes, do Supremo Tribunal Federal (STF), determinou, nesta quarta-feira (21), que o influenciador digital Bruno Monteiro Aiub, conhecido como Monark, preste depoimento \u00e0 Pol\u00edcia Federal (PF) no prazo dez dias. Na semana passada, Moraes determinou o bloqueio das redes sociais do influenciador ap\u00f3s publica\u00e7\u00e3o um v\u00eddeo na rede social Rumble, no [&hellip;]<\/p>\n","protected":false},"author":246,"featured_media":215161,"comment_status":"closed","ping_status":"closed","sticky":false,"template":"","format":"standard","meta":{"footnotes":""},"categories":[436,254,439],"tags":[],"class_list":["post-215160","post","type-post","status-publish","format-standard","has-post-thumbnail","hentry","category-destaque-da-semana","category-politica","category-ultima-hora"],"_links":{"self":[{"href":"https:\/\/diarioregionaldigital.com.br\/index.php?rest_route=\/wp\/v2\/posts\/215160","targetHints":{"allow":["GET"]}}],"collection":[{"href":"https:\/\/diarioregionaldigital.com.br\/index.php?rest_route=\/wp\/v2\/posts"}],"about":[{"href":"https:\/\/diarioregionaldigital.com.br\/index.php?rest_route=\/wp\/v2\/types\/post"}],"author":[{"embeddable":true,"href":"https:\/\/diarioregionaldigital.com.br\/index.php?rest_route=\/wp\/v2\/users\/246"}],"replies":[{"embeddable":true,"href":"https:\/\/diarioregionaldigital.com.br\/index.php?rest_route=%2Fwp%2Fv2%2Fcomments&post=215160"}],"version-history":[{"count":1,"href":"https:\/\/diarioregionaldigital.com.br\/index.php?rest_route=\/wp\/v2\/posts\/215160\/revisions"}],"predecessor-version":[{"id":215162,"href":"https:\/\/diarioregionaldigital.com.br\/index.php?rest_route=\/wp\/v2\/posts\/215160\/revisions\/215162"}],"wp:featuredmedia":[{"embeddable":true,"href":"https:\/\/diarioregionaldigital.com.br\/index.php?rest_route=\/wp\/v2\/media\/215161"}],"wp:attachment":[{"href":"https:\/\/diarioregionaldigital.com.br\/index.php?rest_route=%2Fwp%2Fv2%2Fmedia&parent=215160"}],"wp:term":[{"taxonomy":"category","embeddable":true,"href":"https:\/\/diarioregionaldigital.com.br\/index.php?rest_route=%2Fwp%2Fv2%2Fcategories&post=215160"},{"taxonomy":"post_tag","embeddable":true,"href":"https:\/\/diarioregionaldigital.com.br\/index.php?rest_route=%2Fwp%2Fv2%2Ftags&post=215160"}],"curies":[{"name":"wp","href":"https:\/\/api.w.org\/{rel}","templated":true}]}}