{"id":215081,"date":"2023-06-20T19:32:44","date_gmt":"2023-06-20T22:32:44","guid":{"rendered":"https:\/\/diarioregionaldigital.com.br\/?p=215081"},"modified":"2023-06-20T19:32:44","modified_gmt":"2023-06-20T22:32:44","slug":"precos-da-cenoura-e-do-mamao-caem-nos-principais-mercados-atacadistas","status":"publish","type":"post","link":"https:\/\/diarioregionaldigital.com.br\/?p=215081","title":{"rendered":"Pre\u00e7os da cenoura e do mam\u00e3o caem nos principais mercados atacadistas"},"content":{"rendered":"<p>Itens populares na mesa dos brasileiros, a cenoura e o mam\u00e3o ficaram mais baratos nas principais centrais de abastecimento (Ceasas) do pa\u00eds no m\u00eas passado. Os produtos tiveram quedas significativas, com redu\u00e7\u00f5es m\u00e9dias de 21,23% e 17,09%, respectivamente.<img decoding=\"async\" src=\"https:\/\/agenciabrasil.ebc.com.br\/ebc.png?id=1539188&amp;o=node\" \/><img decoding=\"async\" src=\"https:\/\/agenciabrasil.ebc.com.br\/ebc.gif?id=1539188&amp;o=node\" \/><\/p>\n<p>Os dados s\u00e3o do\u00a0<a href=\"https:\/\/www.conab.gov.br\/info-agro\/hortigranjeiros-prohort\/boletim-hortigranjeiro\" target=\"_blank\" rel=\"noopener\">6\u00ba Boletim do Programa Brasileiro de Moderniza\u00e7\u00e3o do Mercado Hortigranjeiro<\/a>\u00a0(Prohort), divulgado nesta ter\u00e7a-feira (20) pela Companhia Nacional de Abastecimento (Conab).<\/p>\n<p>No caso da cenoura, ap\u00f3s consecutivas altas, as cota\u00e7\u00f5es da raiz voltaram a cair em todos os mercados atacadistas pesquisados. A diminui\u00e7\u00e3o variou entre 6,96% na Ceasa de Fortaleza e 29,68% na central de Curitiba.<\/p>\n<p>\u201cOs menores pre\u00e7os praticados no atacado s\u00e3o explicados pela maior oferta do produto no mercado, reflexo do aumento do envio da produ\u00e7\u00e3o nos estados da Bahia, de Goi\u00e1s, de Minas Gerais, do Paran\u00e1 e de S\u00e3o Paulo\u201d, avaliou\u00a0a Conab. O total movimentado do produto nas Ceasas analisadas nesse boletim aumentou 16,5% em maio, em rela\u00e7\u00e3o a abril.<\/p>\n<p>Outra hortali\u00e7a que registrou queda foi a batata. A m\u00e9dia do pre\u00e7o do tub\u00e9rculo ficou 8,37% abaixo da de abril. As maiores redu\u00e7\u00f5es ocorreram no\u00a0Recife, com queda de 27,73%, e em Vit\u00f3ria, com diminui\u00e7\u00e3o de 20,81%.<\/p>\n<p>\u201cA principal causa dessa deprecia\u00e7\u00e3o tamb\u00e9m foi o n\u00edvel de oferta registrado nas Centrais. Em maio, o volume ofertado foi o segundo maior n\u00edvel dos \u00faltimos anos, s\u00f3 superado pela quantidade registrada em mar\u00e7o deste ano\u201d, explicou a Conab.<\/p>\n<p>Para a cebola, os pre\u00e7os ficaram est\u00e1veis, enquanto tomate e alface n\u00e3o registraram movimento uniforme entre os mercados analisados pela companhia estatal.<\/p>\n<h2>Frutas<\/h2>\n<p>No caso do mam\u00e3o, a maior quantidade da fruta, principalmente da variedade formosa, influenciou na queda dos pre\u00e7os. \u201cAl\u00e9m disso, a queda da qualidade por causa do frio e da concorr\u00eancia com outras frutas tamb\u00e9m explica\u00a0as baixas nas cota\u00e7\u00f5es praticadas no \u00faltimo m\u00eas. Os valores praticados na comercializa\u00e7\u00e3o da variedade papaya tamb\u00e9m diminu\u00edram, mas em menor intensidade\u201d, informou a Conab.<\/p>\n<p>Tamb\u00e9m houve queda nos pre\u00e7os da laranja, diante da maior oferta da fruta com crescimento da colheita de laranjas precoces. Em contrapartida, segundo a companhia, ma\u00e7\u00e3 e melancia ficaram mais caras no atacado.<\/p>\n<p>\u201cO controle de oferta da ma\u00e7\u00e3, principalmente da variedade fuji, passou a ser feito de forma mais incisiva, influenciando nos pre\u00e7os nos mercados analisados. No caso da melancia, a alta se deu, mesmo com a menor demanda, explicada pelo tempo mais frio no fim do m\u00eas, devido ao fim da oferta da produ\u00e7\u00e3o baiana e paulista\u201d, explicou.<\/p>\n<p>Para a banana, os pre\u00e7os ficaram praticamente est\u00e1veis. De acordo com o boletim, foi registrado um pequeno aumento da oferta das variedades prata e nanica em diversas regi\u00f5es produtoras &#8211; principalmente no norte mineiro, norte catarinense e no meio-oeste baiano &#8211; apesar da diminui\u00e7\u00e3o das temperaturas, que impactam no amadurecimento das frutas no Centro-Sul do pa\u00eds.<\/p>\n<p>O levantamento dos dados de maio foi realizado em 11 centrais de abastecimento: S\u00e3o Paulo, Belo Horizonte, Rio de Janeiro, Vit\u00f3ria, Curitiba, S\u00e3o Jos\u00e9, Goi\u00e2nia, Bras\u00edlia, Recife, Fortaleza\u00a0e Rio Branco.<\/p>\n<p>Al\u00e9m do boletim mensal, a Conab possibilita, no\u00a0<a href=\"https:\/\/www.conab.gov.br\/info-agro\/hortigranjeiros-prohort\/\" target=\"_blank\" rel=\"noopener\"><em>site<\/em>\u00a0do Prohort<\/a>, o acompanhamento de pre\u00e7os, an\u00e1lises de mercado, consulta de s\u00e9ries hist\u00f3ricas e identifica\u00e7\u00e3o das regi\u00f5es produtoras, entre outros estudos t\u00e9cnicos. A base de dados contempla informa\u00e7\u00f5es de 117 frutas e 123 hortali\u00e7as, somando mais de mil produtos, quando s\u00e3o consideradas suas variedades.<\/p>\n<h2>Ceagesp<\/h2>\n<div class=\"dnd-widget-wrapper context-grande_6colunas type-image atom-align-left\">\n<div class=\"dnd-atom-rendered\">\n<div class=\"shadow overflow-hidden rounded-lg d-block zoom-on-hover-sm shadow-hover w-100\"><img decoding=\"async\" class=\"flex-fill img-cover\" title=\"Rovena Rosa\/Ag\u00eancia Brasil\" src=\"https:\/\/imagens.ebc.com.br\/rWmvgPiuMjGfDv_VpXbSOR2QH94=\/463x0\/smart\/https:\/\/agenciabrasil.ebc.com.br\/sites\/default\/files\/thumbnails\/image\/img_0282.jpg?itok=J4j0U3MK\" alt=\"Trabalhadores da Companhia de Entrepostos e Armaz\u00e9ns Gerais de S\u00e3o Paulo - CEAGESP, na Vila Leopoldina.\" \/><\/div>\n<\/div>\n<div class=\"dnd-caption-wrapper\">\n<div class=\"meta\">Trabalhadores da Companhia de Entrepostos e Armaz\u00e9ns Gerais de S\u00e3o Paulo &#8211; CEAGESP, na Vila Leopoldina. &#8211;\u00a0<strong>Rovena Rosa\/Ag\u00eancia Brasil<\/strong><\/div>\n<\/div>\n<\/div>\n<p>A partir desta edi\u00e7\u00e3o, o Boletim Prohort contar\u00e1 com um espa\u00e7o destinado \u00e0s Ceasas parceiras da Conab, para divulga\u00e7\u00e3o dos servi\u00e7os prestados. A estreia \u00e9 com a Companhia de Entrepostos e Armaz\u00e9ns Gerais de S\u00e3o Paulo (Ceagesp), que est\u00e1 h\u00e1 54 anos em atividade.<\/p>\n<p>Apenas em maio deste ano, a Ceagesp comercializou pouco mais de R$ 1 bilh\u00e3o, com 254.291 toneladas de hortigranjeiros vendidos. Segundo a Conab, o resultado representa, aproximadamente, 26% do total comercializado nas centrais pesquisadas na atual edi\u00e7\u00e3o do boletim.<\/p>\n<p>Em 2022, a rede de entrepostos da Ceagesp movimentou mais de 3,7 milh\u00f5es de toneladas de hortifrutis, flores e pescados. O volume financeiro ao longo do ano superou os R$ 15,5 bilh\u00f5es.<\/p>\n<p>Al\u00e9m de ser um polo de apoio \u00e0 comercializa\u00e7\u00e3o dos produtores, a companhia tamb\u00e9m possui iniciativas sociais e sustent\u00e1veis, como o Banco Ceagesp de Alimentos, que tem a\u00e7\u00f5es de promo\u00e7\u00e3o de alimenta\u00e7\u00e3o saud\u00e1vel e preserva\u00e7\u00e3o do meio ambiente e de combate \u00e0 fome e ao desperd\u00edcio de alimentos.<\/p>\n<p><span style=\"font-weight: 400;\">Fonte: Ag\u00eancia Brasil <\/span><\/p>\n","protected":false},"excerpt":{"rendered":"<p>Itens populares na mesa dos brasileiros, a cenoura e o mam\u00e3o ficaram mais baratos nas principais centrais de abastecimento (Ceasas) do pa\u00eds no m\u00eas passado. Os produtos tiveram quedas significativas, com redu\u00e7\u00f5es m\u00e9dias de 21,23% e 17,09%, respectivamente. Os dados s\u00e3o do\u00a06\u00ba Boletim do Programa Brasileiro de Moderniza\u00e7\u00e3o do Mercado Hortigranjeiro\u00a0(Prohort), divulgado nesta ter\u00e7a-feira (20) [&hellip;]<\/p>\n","protected":false},"author":246,"featured_media":215082,"comment_status":"closed","ping_status":"closed","sticky":false,"template":"","format":"standard","meta":{"footnotes":""},"categories":[436,261,439],"tags":[],"class_list":["post-215081","post","type-post","status-publish","format-standard","has-post-thumbnail","hentry","category-destaque-da-semana","category-economia","category-ultima-hora"],"_links":{"self":[{"href":"https:\/\/diarioregionaldigital.com.br\/index.php?rest_route=\/wp\/v2\/posts\/215081","targetHints":{"allow":["GET"]}}],"collection":[{"href":"https:\/\/diarioregionaldigital.com.br\/index.php?rest_route=\/wp\/v2\/posts"}],"about":[{"href":"https:\/\/diarioregionaldigital.com.br\/index.php?rest_route=\/wp\/v2\/types\/post"}],"author":[{"embeddable":true,"href":"https:\/\/diarioregionaldigital.com.br\/index.php?rest_route=\/wp\/v2\/users\/246"}],"replies":[{"embeddable":true,"href":"https:\/\/diarioregionaldigital.com.br\/index.php?rest_route=%2Fwp%2Fv2%2Fcomments&post=215081"}],"version-history":[{"count":1,"href":"https:\/\/diarioregionaldigital.com.br\/index.php?rest_route=\/wp\/v2\/posts\/215081\/revisions"}],"predecessor-version":[{"id":215083,"href":"https:\/\/diarioregionaldigital.com.br\/index.php?rest_route=\/wp\/v2\/posts\/215081\/revisions\/215083"}],"wp:featuredmedia":[{"embeddable":true,"href":"https:\/\/diarioregionaldigital.com.br\/index.php?rest_route=\/wp\/v2\/media\/215082"}],"wp:attachment":[{"href":"https:\/\/diarioregionaldigital.com.br\/index.php?rest_route=%2Fwp%2Fv2%2Fmedia&parent=215081"}],"wp:term":[{"taxonomy":"category","embeddable":true,"href":"https:\/\/diarioregionaldigital.com.br\/index.php?rest_route=%2Fwp%2Fv2%2Fcategories&post=215081"},{"taxonomy":"post_tag","embeddable":true,"href":"https:\/\/diarioregionaldigital.com.br\/index.php?rest_route=%2Fwp%2Fv2%2Ftags&post=215081"}],"curies":[{"name":"wp","href":"https:\/\/api.w.org\/{rel}","templated":true}]}}