{"id":215050,"date":"2023-06-19T22:18:36","date_gmt":"2023-06-20T01:18:36","guid":{"rendered":"https:\/\/diarioregionaldigital.com.br\/?p=215050"},"modified":"2023-06-19T22:18:36","modified_gmt":"2023-06-20T01:18:36","slug":"canil-municipal-promove-evento-de-adocao-responsavel-e-vacinacao-antirrabica-neste-sabado-24-no-parque-halfeld","status":"publish","type":"post","link":"https:\/\/diarioregionaldigital.com.br\/?p=215050","title":{"rendered":"Canil Municipal promove evento de ado\u00e7\u00e3o respons\u00e1vel e vacina\u00e7\u00e3o antirr\u00e1bica neste s\u00e1bado, 24, no Parque Halfeld"},"content":{"rendered":"<p>Segundo informa\u00e7\u00f5es do site da Prefeitura de Juiz de Fora (PJF), o Canil Municipal da Prefeitura de Juiz de Fora (PJF) oferece mais uma grande oportunidade neste final de semana para os interessados em realizar uma ado\u00e7\u00e3o respons\u00e1vel. Neste s\u00e1bado, 24, c\u00e3es e gatos estar\u00e3o \u00e0 espera de um lar no Parque Halfeld, das 9h \u00e0s 13h. O evento tamb\u00e9m conta com vacina\u00e7\u00e3o antirr\u00e1bica animal.<\/p>\n<p>O candidato \u00e0 ado\u00e7\u00e3o respons\u00e1vel precisa comparecer ao local com RG, CPF e comprovante de resid\u00eancia. O interessado ser\u00e1 submetido a uma entrevista minuciosa, realizada pela equipe do Canil Municipal, para analisar se est\u00e1 apto a levar um novo amigo para casa.<\/p>\n<p>Al\u00e9m do evento de ado\u00e7\u00e3o, os tutores podem levar seus pets para receberem a vacina antirr\u00e1bica animal. A vacina contra raiva deve ser aplicada em animais a partir de tr\u00eas meses de vida e refor\u00e7ada anualmente. A a\u00e7\u00e3o busca atingir o p\u00fablico que n\u00e3o conseguiu vacinar os pets durante a campanha de 2022.<\/p>\n<p><strong>&#8220;Me Adota A\u00ed!&#8221;<\/strong><\/p>\n<p>A campanha \u201cMe Adota A\u00ed!\u201d foi lan\u00e7ada pela atual gest\u00e3o municipal com o objetivo de garantir um lar para os animais que est\u00e3o no Canil Municipal. Os interessados em adotar um amigo podem visitar o Canil das 9h \u00e0s 10h30 e das 13h \u00e0s 15h30, de segunda a sexta ou mediante agendamento, para outros dias, pelo telefone (32) 3225-9933. O endere\u00e7o \u00e9 Rua Bartolomeu dos Santos 680, bairro S\u00e3o Dami\u00e3o.<\/p>\n","protected":false},"excerpt":{"rendered":"<p>Segundo informa\u00e7\u00f5es do site da Prefeitura de Juiz de Fora (PJF), o Canil Municipal da Prefeitura de Juiz de Fora (PJF) oferece mais uma grande oportunidade neste final de semana para os interessados em realizar uma ado\u00e7\u00e3o respons\u00e1vel. Neste s\u00e1bado, 24, c\u00e3es e gatos estar\u00e3o \u00e0 espera de um lar no Parque Halfeld, das 9h [&hellip;]<\/p>\n","protected":false},"author":246,"featured_media":215051,"comment_status":"closed","ping_status":"closed","sticky":false,"template":"","format":"standard","meta":{"footnotes":""},"categories":[253,436,439],"tags":[],"class_list":["post-215050","post","type-post","status-publish","format-standard","has-post-thumbnail","hentry","category-cidade","category-destaque-da-semana","category-ultima-hora"],"_links":{"self":[{"href":"https:\/\/diarioregionaldigital.com.br\/index.php?rest_route=\/wp\/v2\/posts\/215050","targetHints":{"allow":["GET"]}}],"collection":[{"href":"https:\/\/diarioregionaldigital.com.br\/index.php?rest_route=\/wp\/v2\/posts"}],"about":[{"href":"https:\/\/diarioregionaldigital.com.br\/index.php?rest_route=\/wp\/v2\/types\/post"}],"author":[{"embeddable":true,"href":"https:\/\/diarioregionaldigital.com.br\/index.php?rest_route=\/wp\/v2\/users\/246"}],"replies":[{"embeddable":true,"href":"https:\/\/diarioregionaldigital.com.br\/index.php?rest_route=%2Fwp%2Fv2%2Fcomments&post=215050"}],"version-history":[{"count":1,"href":"https:\/\/diarioregionaldigital.com.br\/index.php?rest_route=\/wp\/v2\/posts\/215050\/revisions"}],"predecessor-version":[{"id":215052,"href":"https:\/\/diarioregionaldigital.com.br\/index.php?rest_route=\/wp\/v2\/posts\/215050\/revisions\/215052"}],"wp:featuredmedia":[{"embeddable":true,"href":"https:\/\/diarioregionaldigital.com.br\/index.php?rest_route=\/wp\/v2\/media\/215051"}],"wp:attachment":[{"href":"https:\/\/diarioregionaldigital.com.br\/index.php?rest_route=%2Fwp%2Fv2%2Fmedia&parent=215050"}],"wp:term":[{"taxonomy":"category","embeddable":true,"href":"https:\/\/diarioregionaldigital.com.br\/index.php?rest_route=%2Fwp%2Fv2%2Fcategories&post=215050"},{"taxonomy":"post_tag","embeddable":true,"href":"https:\/\/diarioregionaldigital.com.br\/index.php?rest_route=%2Fwp%2Fv2%2Ftags&post=215050"}],"curies":[{"name":"wp","href":"https:\/\/api.w.org\/{rel}","templated":true}]}}