{"id":215044,"date":"2023-06-19T22:08:56","date_gmt":"2023-06-20T01:08:56","guid":{"rendered":"https:\/\/diarioregionaldigital.com.br\/?p=215044"},"modified":"2023-06-19T22:08:56","modified_gmt":"2023-06-20T01:08:56","slug":"selecao-inicia-ultimo-periodo-de-treinos-antes-da-convocacao-para-copa","status":"publish","type":"post","link":"https:\/\/diarioregionaldigital.com.br\/?p=215044","title":{"rendered":"Sele\u00e7\u00e3o inicia \u00faltimo per\u00edodo de treinos antes da convoca\u00e7\u00e3o para Copa"},"content":{"rendered":"<p>Faltando pouco mais de um m\u00eas para a Copa do Mundo de futebol feminino, um grupo de atletas que atuam na Europa e que j\u00e1 encerraram a temporada pelos seus clubes se apresentou nesta segunda-feira (19), na Granja Comary, em Teres\u00f3polis (Rio de Janeiro), para realizar um per\u00edodo de testes e treinamentos t\u00e1ticos, o \u00faltimo antes da convoca\u00e7\u00e3o final para o Mundial, que ser\u00e1 realizada no dia 27 de junho na sede da Confedera\u00e7\u00e3o Brasileira de Futebol.<img decoding=\"async\" src=\"https:\/\/agenciabrasil.ebc.com.br\/ebc.png?id=1538989&amp;o=node\" \/><img decoding=\"async\" src=\"https:\/\/agenciabrasil.ebc.com.br\/ebc.gif?id=1538989&amp;o=node\" \/><\/p>\n<p>Ap\u00f3s a convoca\u00e7\u00e3o para a Copa do Mundo (que ser\u00e1 disputada entre 20 de julho e 20 de agosto na Nova Zel\u00e2ndia e na Austr\u00e1lia), a equipe comandada pela t\u00e9cnica sueca Pia Sundhage disputar\u00e1 seu \u00faltimo amistoso antes de a bola rolar no Mundial, contra o Chile, a partir das 10h30 (hor\u00e1rio de Bras\u00edlia) do dia 2 de julho, no est\u00e1dio Man\u00e9 Garrincha, em Bras\u00edlia (Distrito Federal).<\/p>\n<p>As atletas convocadas para o per\u00edodo de treinamentos na Granja Comary s\u00e3o a goleira Natascha (Basel\/Su\u00ed\u00e7a), as defensoras Tainara (Bayern de Munique\/Alemanha), Kathellen (Real Madrid\/Espanha), Rafaelle (Arsenal\/Inglaterra), Antonia (Levante UD\/Espanha), M\u00f4nica (Madrid CFF\/Espanha) e Lauren (Madrid CFF\/Espanha), as meias Ana Vit\u00f3ria (Benfica\/Portugal), Angelina (OL Reign-Estados Unidos) e Andressa Alves (Roma\/It\u00e1lia), e as atacantes Gabi Nunes (Madrid CFF\/Espanha), Nycole (Benfica\/Portugal) e Geyse (Barcelona\/Espanha). O grupo ser\u00e1 refor\u00e7ado por Ravena (Corinthians) e Leilane (Ferrovi\u00e1ria), que defendem o time sub-20 do Brasil.<\/p>\n<p>A abertura da Copa do Mundo ser\u00e1 no dia 20 de julho e o Brasil estrear\u00e1 quatro dias depois contra o Panam\u00e1, pelo Grupo F. Depois a equipe brasileira medir\u00e1 for\u00e7as com a Fran\u00e7a, no dia 29, e encerra a fase de grupos encarando a Jamaica, em 2\u00a0de agosto.<\/p>\n<p><span style=\"font-weight: 400;\">Fonte: Ag\u00eancia Brasil <\/span><\/p>\n","protected":false},"excerpt":{"rendered":"<p>Faltando pouco mais de um m\u00eas para a Copa do Mundo de futebol feminino, um grupo de atletas que atuam na Europa e que j\u00e1 encerraram a temporada pelos seus clubes se apresentou nesta segunda-feira (19), na Granja Comary, em Teres\u00f3polis (Rio de Janeiro), para realizar um per\u00edodo de testes e treinamentos t\u00e1ticos, o \u00faltimo [&hellip;]<\/p>\n","protected":false},"author":246,"featured_media":215045,"comment_status":"closed","ping_status":"closed","sticky":false,"template":"","format":"standard","meta":{"footnotes":""},"categories":[436,257,439],"tags":[],"class_list":["post-215044","post","type-post","status-publish","format-standard","has-post-thumbnail","hentry","category-destaque-da-semana","category-esporte","category-ultima-hora"],"_links":{"self":[{"href":"https:\/\/diarioregionaldigital.com.br\/index.php?rest_route=\/wp\/v2\/posts\/215044","targetHints":{"allow":["GET"]}}],"collection":[{"href":"https:\/\/diarioregionaldigital.com.br\/index.php?rest_route=\/wp\/v2\/posts"}],"about":[{"href":"https:\/\/diarioregionaldigital.com.br\/index.php?rest_route=\/wp\/v2\/types\/post"}],"author":[{"embeddable":true,"href":"https:\/\/diarioregionaldigital.com.br\/index.php?rest_route=\/wp\/v2\/users\/246"}],"replies":[{"embeddable":true,"href":"https:\/\/diarioregionaldigital.com.br\/index.php?rest_route=%2Fwp%2Fv2%2Fcomments&post=215044"}],"version-history":[{"count":1,"href":"https:\/\/diarioregionaldigital.com.br\/index.php?rest_route=\/wp\/v2\/posts\/215044\/revisions"}],"predecessor-version":[{"id":215046,"href":"https:\/\/diarioregionaldigital.com.br\/index.php?rest_route=\/wp\/v2\/posts\/215044\/revisions\/215046"}],"wp:featuredmedia":[{"embeddable":true,"href":"https:\/\/diarioregionaldigital.com.br\/index.php?rest_route=\/wp\/v2\/media\/215045"}],"wp:attachment":[{"href":"https:\/\/diarioregionaldigital.com.br\/index.php?rest_route=%2Fwp%2Fv2%2Fmedia&parent=215044"}],"wp:term":[{"taxonomy":"category","embeddable":true,"href":"https:\/\/diarioregionaldigital.com.br\/index.php?rest_route=%2Fwp%2Fv2%2Fcategories&post=215044"},{"taxonomy":"post_tag","embeddable":true,"href":"https:\/\/diarioregionaldigital.com.br\/index.php?rest_route=%2Fwp%2Fv2%2Ftags&post=215044"}],"curies":[{"name":"wp","href":"https:\/\/api.w.org\/{rel}","templated":true}]}}