{"id":215032,"date":"2023-06-19T21:03:42","date_gmt":"2023-06-20T00:03:42","guid":{"rendered":"https:\/\/diarioregionaldigital.com.br\/?p=215032"},"modified":"2023-06-19T21:03:42","modified_gmt":"2023-06-20T00:03:42","slug":"toffoli-anula-provas-contra-ex-ministro-paulo-bernardo","status":"publish","type":"post","link":"https:\/\/diarioregionaldigital.com.br\/?p=215032","title":{"rendered":"Toffoli anula provas contra ex-ministro Paulo Bernardo"},"content":{"rendered":"<p>O ministro Dias Toffoli, do Supremo Tribunal Federal (STF), anulou, nesta segunda-feira (19), as provas obtidas a partir do acordo de leni\u00eancia da Odebrecht contra o ex-ministro do Planejamento Paulo Bernardo, r\u00e9u em uma a\u00e7\u00e3o penal que tramita no Rio Grande do Sul.<img decoding=\"async\" src=\"https:\/\/agenciabrasil.ebc.com.br\/ebc.png?id=1539024&amp;o=node\" \/><img decoding=\"async\" src=\"https:\/\/agenciabrasil.ebc.com.br\/ebc.gif?id=1539024&amp;o=node\" \/><\/p>\n<p>A decis\u00e3o do ministro foi tomada ap\u00f3s a defesa do ex-ministro pedir extens\u00e3o da decis\u00e3o que anulou as provas contra o advogado Rodrigo Tacla Duran, r\u00e9u por lavagem de dinheiro em processos oriundos da Opera\u00e7\u00e3o Lava Jato.<\/p>\n<p>Ao analisar o pedido da defesa, Toffoli concordou que as acusa\u00e7\u00f5es contra Paulo Bernardo tamb\u00e9m est\u00e3o baseadas na an\u00e1lise dos sistemas Drousys e My Web Day, usados pela Odebrecht para registrar pagamentos de propina e que foram considerados ilegais.<\/p>\n<p>O ex-ministro \u00e9 alvo de um processo por corrup\u00e7\u00e3o passiva e lavagem de dinheiro que envolvem contratos firmados na Empresa de Trens Urbanos de Porto Alegre (Trensurb).<\/p>\n<p>&#8220;No total, a exordial cont\u00e9m 37 refer\u00eancias aos mencionados sistemas ao longo das suas 51 p\u00e1ginas. O mesmo se v\u00ea na decis\u00e3o que admitiu o processamento da den\u00fancia, ao consagrar, como elementos cruciais de convic\u00e7\u00e3o, os sistemas da Odebrecht obtidos por meio do acordo de leni\u00eancia&#8221;, decidiu o ministro.<\/p>\n<p>Em outra decis\u00e3o recente sobre o caso, o Supremo anulou provas relacionadas ao acordo de leni\u00eancia da empreiteira que estavam baseadas nos dados dos sistemas. A partir do entendimento, Tacla Duran e Paulo Bernardo pediram a extens\u00e3o da decis\u00e3o aos processos criminais contra eles.<\/p>\n<p><span style=\"font-weight: 400;\">Fonte: Ag\u00eancia Brasil <\/span><\/p>\n","protected":false},"excerpt":{"rendered":"<p>O ministro Dias Toffoli, do Supremo Tribunal Federal (STF), anulou, nesta segunda-feira (19), as provas obtidas a partir do acordo de leni\u00eancia da Odebrecht contra o ex-ministro do Planejamento Paulo Bernardo, r\u00e9u em uma a\u00e7\u00e3o penal que tramita no Rio Grande do Sul. A decis\u00e3o do ministro foi tomada ap\u00f3s a defesa do ex-ministro pedir [&hellip;]<\/p>\n","protected":false},"author":246,"featured_media":215033,"comment_status":"closed","ping_status":"closed","sticky":false,"template":"","format":"standard","meta":{"footnotes":""},"categories":[436,254,439],"tags":[],"class_list":["post-215032","post","type-post","status-publish","format-standard","has-post-thumbnail","hentry","category-destaque-da-semana","category-politica","category-ultima-hora"],"_links":{"self":[{"href":"https:\/\/diarioregionaldigital.com.br\/index.php?rest_route=\/wp\/v2\/posts\/215032","targetHints":{"allow":["GET"]}}],"collection":[{"href":"https:\/\/diarioregionaldigital.com.br\/index.php?rest_route=\/wp\/v2\/posts"}],"about":[{"href":"https:\/\/diarioregionaldigital.com.br\/index.php?rest_route=\/wp\/v2\/types\/post"}],"author":[{"embeddable":true,"href":"https:\/\/diarioregionaldigital.com.br\/index.php?rest_route=\/wp\/v2\/users\/246"}],"replies":[{"embeddable":true,"href":"https:\/\/diarioregionaldigital.com.br\/index.php?rest_route=%2Fwp%2Fv2%2Fcomments&post=215032"}],"version-history":[{"count":1,"href":"https:\/\/diarioregionaldigital.com.br\/index.php?rest_route=\/wp\/v2\/posts\/215032\/revisions"}],"predecessor-version":[{"id":215034,"href":"https:\/\/diarioregionaldigital.com.br\/index.php?rest_route=\/wp\/v2\/posts\/215032\/revisions\/215034"}],"wp:featuredmedia":[{"embeddable":true,"href":"https:\/\/diarioregionaldigital.com.br\/index.php?rest_route=\/wp\/v2\/media\/215033"}],"wp:attachment":[{"href":"https:\/\/diarioregionaldigital.com.br\/index.php?rest_route=%2Fwp%2Fv2%2Fmedia&parent=215032"}],"wp:term":[{"taxonomy":"category","embeddable":true,"href":"https:\/\/diarioregionaldigital.com.br\/index.php?rest_route=%2Fwp%2Fv2%2Fcategories&post=215032"},{"taxonomy":"post_tag","embeddable":true,"href":"https:\/\/diarioregionaldigital.com.br\/index.php?rest_route=%2Fwp%2Fv2%2Ftags&post=215032"}],"curies":[{"name":"wp","href":"https:\/\/api.w.org\/{rel}","templated":true}]}}