{"id":215029,"date":"2023-06-19T21:02:01","date_gmt":"2023-06-20T00:02:01","guid":{"rendered":"https:\/\/diarioregionaldigital.com.br\/?p=215029"},"modified":"2023-06-19T21:02:01","modified_gmt":"2023-06-20T00:02:01","slug":"no-rio-governo-assina-acordos-na-area-de-seguranca-e-roubo-de-cargas","status":"publish","type":"post","link":"https:\/\/diarioregionaldigital.com.br\/?p=215029","title":{"rendered":"No Rio, governo assina acordos na \u00e1rea de seguran\u00e7a e roubo de cargas"},"content":{"rendered":"<p>O ministro da Justi\u00e7a e Seguran\u00e7a P\u00fablica, Fl\u00e1vio Dino, esteve hoje (19)\u00a0com o prefeito da cidade de Niter\u00f3i, Axel Grael, para assinatura de um acordo de coopera\u00e7\u00e3o do Centro Integrado de Seguran\u00e7a P\u00fablica (Cisp) no combate ao crime e preven\u00e7\u00e3o \u00e0 viol\u00eancia.<img decoding=\"async\" src=\"https:\/\/agenciabrasil.ebc.com.br\/ebc.png?id=1539031&amp;o=node\" \/><img decoding=\"async\" src=\"https:\/\/agenciabrasil.ebc.com.br\/ebc.gif?id=1539031&amp;o=node\" \/><\/p>\n<p>O edital vai atender 163 cidades priorit\u00e1rias do Programa Nacional de Seguran\u00e7a P\u00fablica com Cidadania (Pronasci), no valor de R$ 30 milh\u00f5es, para projetos de cultura visando \u00e0 redu\u00e7\u00e3o e preven\u00e7\u00e3o da viol\u00eancia. Antes, Fl\u00e1vio Dino esteve no Pal\u00e1cio Guanabara, com o governador Cl\u00e1udio Castro e assinou acordos na \u00e1rea de seguran\u00e7a p\u00fablica. Entre eles, o repasse de recursos para a\u00a0<a href=\"http:\/\/https\/\/agenciabrasil.ebc.com.br\/geral\/noticia\/2023-06\/governo-anuncia-recursos-para-construcao-de-dois-presidios-no-rio\" target=\"_blank\" rel=\"noopener\">constru\u00e7\u00e3o de dois pres\u00eddios<\/a>\u00a0no estado.<\/p>\n<p>Em Niter\u00f3i, o ministro destacou a escolha da cidade como local para assinatura do documento. \u201cO nosso objetivo nesse evento \u00e9 acentuar a dimens\u00e3o preventiva da pol\u00edtica de seguran\u00e7a, na medida em que assinamos um edital para as 163 cidades priorit\u00e1rias da nossa pol\u00edtica nacional de seguran\u00e7a, grupo do qual Niter\u00f3i faz parte. Tamb\u00e9m assinamos uma parceria que foi solicitada pela prefeitura municipal, com a Pol\u00edcia Rodovi\u00e1ria Federal, para que n\u00f3s possamos, com isso, melhorar a integra\u00e7\u00e3o da Guarda Municipal com a Pol\u00edcia Rodovi\u00e1ria Federal, com troca de informa\u00e7\u00f5es, tecnologia e, com isso, integrar as a\u00e7\u00f5es. Essa \u00e9 uma visita que mostra a import\u00e2ncia que a cidade de Niter\u00f3i tem para o Rio de Janeiro e para o Brasil\u201d, explicou Dino.<\/p>\n<p>O prefeito de Niter\u00f3i disse que o acordo vai trazer importantes resultados na \u00e1rea da seguran\u00e7a p\u00fablica para a cidade. \u201cHoje assinamos com o ministro duas mensagens que foram encaminhadas \u00e0 C\u00e2mara [de Vereadores] para renovar o programa de preven\u00e7\u00e3o e recupera\u00e7\u00e3o de armas apreendidas em situa\u00e7\u00e3o em que n\u00e3o haja v\u00edtima e o outro de recolhimento e compra de armas que sejam entregues \u00e0 prefeitura. S\u00e3o medidas importantes para que a gente avance na agenda da seguran\u00e7a p\u00fablica na cidade\u201d, afirmou Axel Grael.<\/p>\n<p>A cerim\u00f4nia tamb\u00e9m incluiu a ordem de miss\u00e3o para in\u00edcio da opera\u00e7\u00e3o da Pol\u00edcia Rodovi\u00e1ria Federal no enfrentamento ao roubo de cargas no estado do Rio de Janeiro, em especial na ponte Rio-Niter\u00f3i, que liga o Rio de Janeiro \u00e0s cidades da Regi\u00e3o dos Lagos.<\/p>\n<blockquote><p>\u201cEssa parceria \u00e9 fundamental, em que teremos acesso a informa\u00e7\u00f5es importantes, produzidas pelos equipamentos da Pol\u00edcia Rodovi\u00e1ria Federal na Ponte Rio-Niter\u00f3i e em todos os acessos \u00e0 cidade de Niter\u00f3i. Toda vez que trabalhamos em parceria, temos resultados positivos. \u00c9 fundamental essa rela\u00e7\u00e3o\u201d, destacou Grael<\/p><\/blockquote>\n<p>O secret\u00e1rio-executivo da prefeitura de Niter\u00f3i, Rodrigo Neves, informou que a pol\u00edtica de seguran\u00e7a que vem sendo implantada no munic\u00edpio\u00a0nos \u00faltimos 10 anos reduziu os \u00edndices de viol\u00eancia na regi\u00e3o.<\/p>\n<p>&#8220;Niter\u00f3i \u00e9 a \u00fanica cidade na regi\u00e3o metropolitana do Estado do Rio de Janeiro que n\u00e3o tem mil\u00edcias dominando bairros e territ\u00f3rios, mesmo tendo sofrido com a viol\u00eancia na \u00e9poca da implanta\u00e7\u00e3o das Unidades de Pol\u00edcia Pacificadora (UPP), no Rio, com a migra\u00e7\u00e3o de criminosos para c\u00e1. Esse resultado n\u00e3o \u00e9 obra do acaso e se deve a um conjunto de estrat\u00e9gias que n\u00f3s colocamos em pr\u00e1tica nos \u00faltimos anos atrav\u00e9s do plano Pacto Niter\u00f3i Contra a Viol\u00eancia, que tem como refer\u00eancia o Pronasci. Esse acordo \u00e9 um marco para avan\u00e7armos ainda mais\u201d, avaliou Neves.<\/p>\n<p>O Minist\u00e9rio da Justi\u00e7a anunciou tamb\u00e9m uma parceria com a Universidade Federal do Rio de Janeiro (UFRJ) e com a Universidade Federal Fluminense (UFF) para pesquisas com o aporte de R$ 1 milh\u00e3o, para produ\u00e7\u00e3o de material para prevenir viol\u00eancia e elucidar casos que ocorreram com viol\u00eancia.<\/p>\n<p><span style=\"font-weight: 400;\"><br \/>\n<\/span><span style=\"font-weight: 400;\">Fonte: Ag\u00eancia Brasil <\/span><\/p>\n","protected":false},"excerpt":{"rendered":"<p>O ministro da Justi\u00e7a e Seguran\u00e7a P\u00fablica, Fl\u00e1vio Dino, esteve hoje (19)\u00a0com o prefeito da cidade de Niter\u00f3i, Axel Grael, para assinatura de um acordo de coopera\u00e7\u00e3o do Centro Integrado de Seguran\u00e7a P\u00fablica (Cisp) no combate ao crime e preven\u00e7\u00e3o \u00e0 viol\u00eancia. O edital vai atender 163 cidades priorit\u00e1rias do Programa Nacional de Seguran\u00e7a P\u00fablica [&hellip;]<\/p>\n","protected":false},"author":246,"featured_media":215030,"comment_status":"closed","ping_status":"closed","sticky":false,"template":"","format":"standard","meta":{"footnotes":""},"categories":[436,254,439],"tags":[],"class_list":["post-215029","post","type-post","status-publish","format-standard","has-post-thumbnail","hentry","category-destaque-da-semana","category-politica","category-ultima-hora"],"_links":{"self":[{"href":"https:\/\/diarioregionaldigital.com.br\/index.php?rest_route=\/wp\/v2\/posts\/215029","targetHints":{"allow":["GET"]}}],"collection":[{"href":"https:\/\/diarioregionaldigital.com.br\/index.php?rest_route=\/wp\/v2\/posts"}],"about":[{"href":"https:\/\/diarioregionaldigital.com.br\/index.php?rest_route=\/wp\/v2\/types\/post"}],"author":[{"embeddable":true,"href":"https:\/\/diarioregionaldigital.com.br\/index.php?rest_route=\/wp\/v2\/users\/246"}],"replies":[{"embeddable":true,"href":"https:\/\/diarioregionaldigital.com.br\/index.php?rest_route=%2Fwp%2Fv2%2Fcomments&post=215029"}],"version-history":[{"count":1,"href":"https:\/\/diarioregionaldigital.com.br\/index.php?rest_route=\/wp\/v2\/posts\/215029\/revisions"}],"predecessor-version":[{"id":215031,"href":"https:\/\/diarioregionaldigital.com.br\/index.php?rest_route=\/wp\/v2\/posts\/215029\/revisions\/215031"}],"wp:featuredmedia":[{"embeddable":true,"href":"https:\/\/diarioregionaldigital.com.br\/index.php?rest_route=\/wp\/v2\/media\/215030"}],"wp:attachment":[{"href":"https:\/\/diarioregionaldigital.com.br\/index.php?rest_route=%2Fwp%2Fv2%2Fmedia&parent=215029"}],"wp:term":[{"taxonomy":"category","embeddable":true,"href":"https:\/\/diarioregionaldigital.com.br\/index.php?rest_route=%2Fwp%2Fv2%2Fcategories&post=215029"},{"taxonomy":"post_tag","embeddable":true,"href":"https:\/\/diarioregionaldigital.com.br\/index.php?rest_route=%2Fwp%2Fv2%2Ftags&post=215029"}],"curies":[{"name":"wp","href":"https:\/\/api.w.org\/{rel}","templated":true}]}}