{"id":215026,"date":"2023-06-19T20:59:39","date_gmt":"2023-06-19T23:59:39","guid":{"rendered":"https:\/\/diarioregionaldigital.com.br\/?p=215026"},"modified":"2023-06-19T20:59:39","modified_gmt":"2023-06-19T23:59:39","slug":"padilha-diz-que-ministerio-da-saude-nao-sera-negociado","status":"publish","type":"post","link":"https:\/\/diarioregionaldigital.com.br\/?p=215026","title":{"rendered":"Padilha diz que Minist\u00e9rio da Sa\u00fade n\u00e3o ser\u00e1 negociado"},"content":{"rendered":"<p>O ministro de Rela\u00e7\u00f5es Institucionais, Alexandre Padilha, afirmou, nesta segunda-feira (19), que o presidente Luiz In\u00e1cio Lula da Silva n\u00e3o colocar\u00e1 o Minist\u00e9rio da Sa\u00fade como cota de nenhum partido e que as indica\u00e7\u00f5es para a pasta ser\u00e3o t\u00e9cnicas. Ap\u00f3s reuni\u00e3o com o presidente Lula, no Pal\u00e1cio da Alvorada, Padilha negou que o presidente da C\u00e2mara dos Deputados, Arthur Lira, do PP, tenha reivindicado a indica\u00e7\u00e3o do ministro da Sa\u00fade.<img decoding=\"async\" src=\"https:\/\/agenciabrasil.ebc.com.br\/ebc.png?id=1538971&amp;o=node\" \/><img decoding=\"async\" src=\"https:\/\/agenciabrasil.ebc.com.br\/ebc.gif?id=1538971&amp;o=node\" \/><\/p>\n<p>\u201cEu quero ser justo com o presidente Arthur Lira, tanto para mim quanto ao presidente Lula, em nenhum momento o presidente Arthur Lira reivindicou qualquer minist\u00e9rio, em qualquer das conversas que teve fez qualquer tipo de reivindica\u00e7\u00e3o ao Minist\u00e9rio da Sa\u00fade ou outro minist\u00e9rio do governo federal\u201d, disse.<\/p>\n<p>\u201cO presidente Lula, em nenhum momento desde a montagem do seu governo, desde a escolha dos ministros e ministras, colocou o Minist\u00e9rio da Sa\u00fade como cota partid\u00e1ria de qualquer partido. Desde o come\u00e7o, o presidente Lula tomou uma decis\u00e3o sobre o Minist\u00e9rio da Sa\u00fade, sobretudo depois de toda a situa\u00e7\u00e3o na pandemia, pela import\u00e2ncia do tema da sa\u00fade, de querer indicar para o Minist\u00e9rio da Sa\u00fade um quadro da sa\u00fade p\u00fablica. Escolheu uma mulher [N\u00edsia Trindade], a primeira mulher que ocupa o Minist\u00e9rio da Sa\u00fade, escolheu a ex-presidente da Fiocruz, por todo o papel que ela teve durante a pandemia\u201d, acrescentou o ministro.<\/p>\n<p>Segundo Padilha, o governo est\u00e1 conversando com os partidos pol\u00edticos da base aliada, sobretudo o Uni\u00e3o Brasil, sobre suas indica\u00e7\u00f5es para cargos no governo. Nas \u00faltimas semanas, o nome da ministra do Turismo,\u00a0<a href=\"https:\/\/agenciabrasil.ebc.com.br\/radioagencia-nacional\/politica\/audio\/2023-06\/lula-decide-manter-daniela-carneiro-como-ministra-do-turismo\" target=\"_blank\" rel=\"noopener\">Daniela Carneiro, que \u00e9 do Uni\u00e3o Brasil, esteve na mesa<\/a>\u00a0de discuss\u00e3o, sobretudo depois que a ministra entrou com um pedido para ir para o Republicanos sem perder o mandato.<\/p>\n<p>Al\u00e9m do Turismo, o Uni\u00e3o Brasil, uma das maiores bancadas da C\u00e2mara, com 59 deputados, tem o comando de outros dois minist\u00e9rios: o das Comunica\u00e7\u00f5es, com Juscelino Filho, e o da Integra\u00e7\u00e3o Nacional, com Waldez G\u00f3es. Por enquanto, o presidente Lula mant\u00e9m Daniela no cargo.<\/p>\n<p>Padilha explicou nesta segunda-feira que \u00e9 \u201cdesejo j\u00e1 manifestado pelos l\u00edderes do Uni\u00e3o Brasil\u201d de reformula\u00e7\u00e3o dos minist\u00e9rios que t\u00eam indica\u00e7\u00f5es do partido. Segundo ele, \u201cn\u00e3o existe qualquer tipo de press\u00e3o\u201d ou pedido para a demiss\u00e3o da ministra Daniela Carneiro.<\/p>\n<p>\u201c\u00c9 absolutamente natural que um partido que indicou nomes para o minist\u00e9rio, tr\u00eas minist\u00e9rios, possa, em algum momento, querer rediscutir essa composi\u00e7\u00e3o\u201d, disse. \u201cIsso faz parte da democracia, do debate pol\u00edtico, n\u00e3o existe qualquer press\u00e3o, inclusive sobre a ministra Daniela Carneiro\u201d, disse.<\/p>\n<h2>Pautas da semana<\/h2>\n<p>Padilha se reuniu na manh\u00e3 desta segunda-feira com o presidente Lula para repassar as agendas da semana no Congresso Nacional. Segundo ele, o ambiente \u00e9 positivo para a aprova\u00e7\u00e3o da indica\u00e7\u00e3o do advogado Cristiano Zanin para a vaga no Supremo Tribunal Federal (STF), no Senado. Ele passar\u00e1 por\u00a0<a href=\"https:\/\/agenciabrasil.ebc.com.br\/politica\/noticia\/2023-06\/sabatina-de-zanin-no-senado-sera-dia-21-de-junho\" target=\"_blank\" rel=\"noopener\">sabatina na pr\u00f3xima quarta-feira (21)<\/a>.<\/p>\n<p>\u201cPassei ao presidente Lula esse ambiente positivo no Senado, n\u00e3o s\u00f3 com senadores que j\u00e1 comp\u00f5em a base do governo, mas o nome do indicado sendo muito bem recebido tamb\u00e9m entre os senadores e senadoras de partidos que fazem parte da oposi\u00e7\u00e3o. Ou seja, \u00e9 um ambiente que n\u00f3s temos a expectativa que mais uma vez os senadores e senadores separem muito claramente, se dediquem a analisar a qualidade jur\u00eddica, compet\u00eancia jur\u00eddica, os compromissos com a institucionalidade, com a Constitui\u00e7\u00e3o que tem sido reafirmados pelo indicado, o doutor Cristiano Zanin\u201d, disse Padilha ap\u00f3s a reuni\u00e3o.<\/p>\n<p>O ministro citou ainda o ambiente favor\u00e1vel para a aprecia\u00e7\u00e3o de projetos do governo que est\u00e3o na pauta de vota\u00e7\u00e3o, como a medida provis\u00f3ria de\u00a0<a href=\"https:\/\/agenciabrasil.ebc.com.br\/politica\/noticia\/2023-06\/camara-aprova-mp-do-mais-medicos\" target=\"_blank\" rel=\"noopener\">recria\u00e7\u00e3o do Mais M\u00e9dicos<\/a>, no Senado, e o projeto de lei que atualiza o Programa de Aquisi\u00e7\u00e3o de Alimentos (PAA), na C\u00e2mara. O governo acompanha ainda a tramita\u00e7\u00e3o do\u00a0<a href=\"https:\/\/agenciabrasil.ebc.com.br\/economia\/noticia\/2023-03\/agencia-brasil-explica-o-que-e-arcabouco-fiscal\" target=\"_blank\" rel=\"noopener\">novo marco fiscal<\/a>, no Senado, e o andamento dos trabalhos da\u00a0<a href=\"https:\/\/agenciabrasil.ebc.com.br\/politica\/noticia\/2023-06\/cpmi-do-golpe-aprova-plano-de-trabalho-de-relatora\" target=\"_blank\" rel=\"noopener\">Comiss\u00e3o Parlamentar Mista de Inqu\u00e9rito (CPMI) do Golpe<\/a>\u00a0que come\u00e7ar\u00e1 a ouvir depoimentos nessa semana.<\/p>\n<p><span style=\"font-weight: 400;\"><br \/>\n<\/span><span style=\"font-weight: 400;\">Fonte: Ag\u00eancia Brasil <\/span><\/p>\n","protected":false},"excerpt":{"rendered":"<p>O ministro de Rela\u00e7\u00f5es Institucionais, Alexandre Padilha, afirmou, nesta segunda-feira (19), que o presidente Luiz In\u00e1cio Lula da Silva n\u00e3o colocar\u00e1 o Minist\u00e9rio da Sa\u00fade como cota de nenhum partido e que as indica\u00e7\u00f5es para a pasta ser\u00e3o t\u00e9cnicas. Ap\u00f3s reuni\u00e3o com o presidente Lula, no Pal\u00e1cio da Alvorada, Padilha negou que o presidente da [&hellip;]<\/p>\n","protected":false},"author":246,"featured_media":215027,"comment_status":"closed","ping_status":"closed","sticky":false,"template":"","format":"standard","meta":{"footnotes":""},"categories":[436,254,439],"tags":[],"class_list":["post-215026","post","type-post","status-publish","format-standard","has-post-thumbnail","hentry","category-destaque-da-semana","category-politica","category-ultima-hora"],"_links":{"self":[{"href":"https:\/\/diarioregionaldigital.com.br\/index.php?rest_route=\/wp\/v2\/posts\/215026","targetHints":{"allow":["GET"]}}],"collection":[{"href":"https:\/\/diarioregionaldigital.com.br\/index.php?rest_route=\/wp\/v2\/posts"}],"about":[{"href":"https:\/\/diarioregionaldigital.com.br\/index.php?rest_route=\/wp\/v2\/types\/post"}],"author":[{"embeddable":true,"href":"https:\/\/diarioregionaldigital.com.br\/index.php?rest_route=\/wp\/v2\/users\/246"}],"replies":[{"embeddable":true,"href":"https:\/\/diarioregionaldigital.com.br\/index.php?rest_route=%2Fwp%2Fv2%2Fcomments&post=215026"}],"version-history":[{"count":1,"href":"https:\/\/diarioregionaldigital.com.br\/index.php?rest_route=\/wp\/v2\/posts\/215026\/revisions"}],"predecessor-version":[{"id":215028,"href":"https:\/\/diarioregionaldigital.com.br\/index.php?rest_route=\/wp\/v2\/posts\/215026\/revisions\/215028"}],"wp:featuredmedia":[{"embeddable":true,"href":"https:\/\/diarioregionaldigital.com.br\/index.php?rest_route=\/wp\/v2\/media\/215027"}],"wp:attachment":[{"href":"https:\/\/diarioregionaldigital.com.br\/index.php?rest_route=%2Fwp%2Fv2%2Fmedia&parent=215026"}],"wp:term":[{"taxonomy":"category","embeddable":true,"href":"https:\/\/diarioregionaldigital.com.br\/index.php?rest_route=%2Fwp%2Fv2%2Fcategories&post=215026"},{"taxonomy":"post_tag","embeddable":true,"href":"https:\/\/diarioregionaldigital.com.br\/index.php?rest_route=%2Fwp%2Fv2%2Ftags&post=215026"}],"curies":[{"name":"wp","href":"https:\/\/api.w.org\/{rel}","templated":true}]}}