{"id":215023,"date":"2023-06-19T20:57:33","date_gmt":"2023-06-19T23:57:33","guid":{"rendered":"https:\/\/diarioregionaldigital.com.br\/?p=215023"},"modified":"2023-06-19T20:57:33","modified_gmt":"2023-06-19T23:57:33","slug":"na-europa-brasil-vai-cobrar-recursos-para-combate-a-pobreza","status":"publish","type":"post","link":"https:\/\/diarioregionaldigital.com.br\/?p=215023","title":{"rendered":"Na Europa, Brasil vai cobrar recursos para combate \u00e0 pobreza"},"content":{"rendered":"<p>O presidente Luiz In\u00e1cio Lula da Silva embarca na noite desta segunda-feira (19) para a Europa, onde ter\u00e1 uma s\u00e9rie de compromissos e reuni\u00f5es bilaterais na It\u00e1lia, no Vaticano e na Fran\u00e7a. Em Paris, capital francesa, o presidente \u00e9 considerado um dos principais convidados da C\u00fapula para um Novo Pacto Global de Financiamento, evento organizado pelo presidente do pa\u00eds Europeu, Emmanuel Macron. Anunciado\u00a0ainda em novembro de 2022, durante a Confer\u00eancia do Clima das Na\u00e7\u00f5es Unidas (COP 27), no Egito, o\u00a0encontro em Paris reunir\u00e1 dezenas de chefes de estado e ministros do primeiro escal\u00e3o de governos como China e Estados Unidos. A ideia do presidente franc\u00eas \u00e9 &#8220;fazer um balan\u00e7o de todos os meios e formas de aumentar solidariedade financeira com o Sul&#8221;. E \u00e9 neste ponto que se insere a proposta, que ser\u00e1 defendida pelo Brasil, de ampliar os mecanismos de coopera\u00e7\u00e3o para al\u00e9m do combate \u00e0s quest\u00f5es clim\u00e1ticas.<img decoding=\"async\" src=\"https:\/\/agenciabrasil.ebc.com.br\/ebc.png?id=1539029&amp;o=node\" \/><img decoding=\"async\" src=\"https:\/\/agenciabrasil.ebc.com.br\/ebc.gif?id=1539029&amp;o=node\" \/><\/p>\n<p>&#8220;A quest\u00e3o principal, em termos de posi\u00e7\u00e3o brasileira, \u00e9 voc\u00ea, nas diversas iniciativas, levar em conta quest\u00f5es de desenvolvimento sustent\u00e1vel como um todo. Tem que ver as quest\u00f5es de maneira mais hol\u00edstica e interdependentes. N\u00e3o adianta s\u00f3 fazer a\u00e7\u00f5es para clima se n\u00e3o combater a pobreza e a fome, por exemplo, ou se n\u00e3o der condi\u00e7\u00f5es de sa\u00fade. Esse \u00e9 o ponto que, em todas as negocia\u00e7\u00f5es, estar\u00e1 sobre a mesa&#8221;, afirmou o embaixador Philip Fox-Drummond Gough, diretor do Departamento de Pol\u00edtica Econ\u00f4mica, Financeira e de Servi\u00e7os do Minist\u00e9rio das Rela\u00e7\u00f5es Exteriores, durante coletiva de imprensa para detalhar aspectos da viagem presidencial.<\/p>\n<p>Mais cedo, nesta segunda, o pr\u00f3prio\u00a0<a href=\"https:\/\/agenciabrasil.ebc.com.br\/politica\/noticia\/2023-06\/questao-ambiental-deve-passarpor%20bem-estar%20da%20popula%C3%A7%C3%A3o%2C%20afirma%20Lula\" target=\"_blank\" rel=\"noopener\">Lula afirmou que a preserva\u00e7\u00e3o<\/a>\u00a0da Amaz\u00f4nia passa pelo cuidado com os moradores pobres que moram na regi\u00e3o. A declara\u00e7\u00e3o foi feita no\u00a0programa semanal Conversa com o Presidente, transmitido pela<strong>\u00a0Empresa Brasil de Comunica\u00e7\u00e3o<\/strong>\u00a0(<strong>EBC<\/strong>), ao lado do jornalista Marcos Uch\u00f4a.<\/p>\n<p>\u201cPara cuidar do meio ambiente \u00e9 necess\u00e1rio cuidar do povo pobre que mora nessas regi\u00f5es\u201d, disse. Na avalia\u00e7\u00e3o do presidente, a discuss\u00e3o do tema precisa abranger o\u00a0<a href=\"https:\/\/agenciabrasil.ebc.com.br\/politica\/noticia\/2023-06\/questao-ambiental-deve-passarpor%20bem-estar%20da%20popula%C3%A7%C3%A3o%2C%20afirma%20Lula\" target=\"_blank\" rel=\"noopener\">bem-estar da popula\u00e7\u00e3o<\/a>. &#8220;Normalmente, a gente fala da Amaz\u00f4nia, da Mata Atl\u00e2ntica, que \u00e9 normal, mas \u00e9 importante a gente lembrar que deve se discutir as palafitas. A gente deve discutir a degrada\u00e7\u00e3o onde mora o ser humano&#8221;, observou. &#8220;Sempre que a gente falar da quest\u00e3o ambiental a gente tem que lembrar das pessoas que moram nessas regi\u00f5es que precisam viver dignamente&#8221;, acrescentou.<\/p>\n<h2>Discursos e encontros<\/h2>\n<p>O presidente chega a Paris na noite de quarta-feira (21), ap\u00f3s se reunir, em Roma, com o presidente da It\u00e1lia, S\u00e9rgio Matarella, e com o papa Francisco, no Vaticano. Na C\u00fapula sobre o Novo Pacto Global de Financiamento, que come\u00e7a na quinta-feira (22) o governo brasileiro participar\u00e1 das seis mesas-redondas previstas na programa\u00e7\u00e3o, entre elas, quest\u00f5es sobre novos instrumentos de financiamento, reforma dos bancos multilaterais de desenvolvimento, participa\u00e7\u00e3o de inciativa privada. A abertura do evento ter\u00e1 discursos do presidente Marcon e do secret\u00e1rio-geral das Na\u00e7\u00f5es Unidas, Ant\u00f3nio Guterres. J\u00e1 o pronunciamento de Lula, assim como de outros l\u00edderes estrangeiros, ocorrer\u00e1 no encerramento do encontro, na manh\u00e3 de sexta-feira (23).<\/p>\n<p>Al\u00e9m do presidente brasileiro, est\u00e3o previstas falas do primeiro-ministro da China, Li Qiang; da secret\u00e1ria do Tesouro dos Estados Unidos, Janet Yellen; do chanceler da Alemanha, Olaf Scholz; do pr\u00edncipe da Ar\u00e1bia Saudita, Mohammed bin Salman; da presidente de Barbados, Mia Mottley; do presidente do Egito, Abdul Fatah Khalil Al-Sisi, entre outros.<\/p>\n<p>Ainda na capital francesa, Lula far\u00e1 o discurso de encerramento do evento\u00a0Power Our Planet, a convite da banda Coldplay, na noite de quinta-feira (22). O evento ser\u00e1 realizado no Campo de Marte, em frente \u00e0 Torre Eiffel, e tamb\u00e9m ter\u00e1 as presen\u00e7as de l\u00edderes do Timor Leste, Barbados, Gana e Qu\u00eania, al\u00e9m da prefeita de Paris, Ane Hidalgo.<\/p>\n<p>\u201cVou participar de um evento p\u00fablico, na frente da Torre Eiffel, convocado pelo pessoal do Coldplay para fazer um ato p\u00fablico com v\u00e1rios dirigentes pol\u00edticos, v\u00e1rios artistas. Eu serei o orador final desse encontro para falar da quest\u00e3o ambiental&#8221;, explicou Lula durante o programa Conversa com o Presidente.<\/p>\n<p>O Pal\u00e1cio do Itamaraty confirmou que Lula ter\u00e1 encontros bilaterais, durante a c\u00fapula, com o presidente da \u00c1frica do Sul, Cyril Ramaphosa, e com Sultan Al-Jaber presidente do comit\u00ea organizador da COP28, em Dubai, nos Emirados \u00c1rabes Unidos. Outros encontros com l\u00edderes estrangeiros tamb\u00e9m poder\u00e3o ocorrer, ainda sem confirma\u00e7\u00e3o oficial.<\/p>\n<h2>Acordo UE-Mercosul<\/h2>\n<p>Antes de voltar ao Brasil, Lula ter\u00e1 um almo\u00e7o com Macron, ap\u00f3s o encerramento da c\u00fapula, no Pal\u00e1cio do Eliseu, sede do governo anfitri\u00e3o. Um dos temas em discuss\u00e3o dever\u00e1 ser a aprova\u00e7\u00e3o, na semana passada, pela Assembleia Nacional da Fran\u00e7a, de uma resolu\u00e7\u00e3o contra a ratifica\u00e7\u00e3o do acordo de livre com\u00e9rcio entre a Uni\u00e3o Europeia e o Mercosul. A medida foi considerada dura pelo presidente brasileiro.<\/p>\n<p>&#8220;Vou almo\u00e7ar com [Emmanuel] Macron [presidente da Fran\u00e7a]. Quero discutir a quest\u00e3o do parlamento franc\u00eas que aprovou o endurecimento do acordo entre Mercosul e Uni\u00e3o Europeia. A Uni\u00e3o Europeia n\u00e3o pode tentar amea\u00e7ar o Mercosul, de punir se o Mercosul n\u00e3o cumprir isso ou aquilo. Se somos parceiros estrat\u00e9gicos, n\u00e3o se tem que fazer amea\u00e7as&#8221;, afirmou.<\/p>\n<p>Negociado por mais de 20 anos, o\u00a0<a href=\"https:\/\/agenciabrasil.ebc.com.br\/internacional\/noticia\/2019-06\/mercosul-e-uniao-europeia-fecham-acordo-de-livre-comercio\" target=\"_blank\" rel=\"noopener\">acordo UE-Mercosul<\/a>\u00a0teve um an\u00fancio de conclus\u00e3o geral em 2019, mas ainda h\u00e1 um longo caminho pela frente para sua efetiva entrada em vigor. Isso porque o tratado precisa ser ratificado e internalizado por cada um dos Estados integrantes de ambos os blocos econ\u00f4micos. Na pr\u00e1tica, significa que o acordo ter\u00e1 que ser aprovado pelos parlamentos e governos nacionais dos 31 pa\u00edses envolvidos, uma tramita\u00e7\u00e3o que levar\u00e1 anos e poder\u00e1 enfrentar resist\u00eancias. Uma delas\u00a0foi apresentada pelo pr\u00f3prio presidente Lula, que \u00e9 contra a\u00a0<a href=\"https:\/\/agenciabrasil.ebc.com.br\/economia\/noticia\/2023-06\/acordo-mercosul-uniao-europeia-nao-sera-assinado-sem-ajuste-diz-lula\" target=\"_blank\" rel=\"noopener\">flexibiliza\u00e7\u00e3o das regras<\/a>\u00a0sobre compras governamentais previstas no acordo.<\/p>\n<p><span style=\"font-weight: 400;\">Fonte: Ag\u00eancia Brasil <\/span><\/p>\n","protected":false},"excerpt":{"rendered":"<p>O presidente Luiz In\u00e1cio Lula da Silva embarca na noite desta segunda-feira (19) para a Europa, onde ter\u00e1 uma s\u00e9rie de compromissos e reuni\u00f5es bilaterais na It\u00e1lia, no Vaticano e na Fran\u00e7a. Em Paris, capital francesa, o presidente \u00e9 considerado um dos principais convidados da C\u00fapula para um Novo Pacto Global de Financiamento, evento organizado [&hellip;]<\/p>\n","protected":false},"author":246,"featured_media":215024,"comment_status":"closed","ping_status":"closed","sticky":false,"template":"","format":"standard","meta":{"footnotes":""},"categories":[436,440,254,439],"tags":[],"class_list":["post-215023","post","type-post","status-publish","format-standard","has-post-thumbnail","hentry","category-destaque-da-semana","category-destaques-do-dia","category-politica","category-ultima-hora"],"_links":{"self":[{"href":"https:\/\/diarioregionaldigital.com.br\/index.php?rest_route=\/wp\/v2\/posts\/215023","targetHints":{"allow":["GET"]}}],"collection":[{"href":"https:\/\/diarioregionaldigital.com.br\/index.php?rest_route=\/wp\/v2\/posts"}],"about":[{"href":"https:\/\/diarioregionaldigital.com.br\/index.php?rest_route=\/wp\/v2\/types\/post"}],"author":[{"embeddable":true,"href":"https:\/\/diarioregionaldigital.com.br\/index.php?rest_route=\/wp\/v2\/users\/246"}],"replies":[{"embeddable":true,"href":"https:\/\/diarioregionaldigital.com.br\/index.php?rest_route=%2Fwp%2Fv2%2Fcomments&post=215023"}],"version-history":[{"count":1,"href":"https:\/\/diarioregionaldigital.com.br\/index.php?rest_route=\/wp\/v2\/posts\/215023\/revisions"}],"predecessor-version":[{"id":215025,"href":"https:\/\/diarioregionaldigital.com.br\/index.php?rest_route=\/wp\/v2\/posts\/215023\/revisions\/215025"}],"wp:featuredmedia":[{"embeddable":true,"href":"https:\/\/diarioregionaldigital.com.br\/index.php?rest_route=\/wp\/v2\/media\/215024"}],"wp:attachment":[{"href":"https:\/\/diarioregionaldigital.com.br\/index.php?rest_route=%2Fwp%2Fv2%2Fmedia&parent=215023"}],"wp:term":[{"taxonomy":"category","embeddable":true,"href":"https:\/\/diarioregionaldigital.com.br\/index.php?rest_route=%2Fwp%2Fv2%2Fcategories&post=215023"},{"taxonomy":"post_tag","embeddable":true,"href":"https:\/\/diarioregionaldigital.com.br\/index.php?rest_route=%2Fwp%2Fv2%2Ftags&post=215023"}],"curies":[{"name":"wp","href":"https:\/\/api.w.org\/{rel}","templated":true}]}}