{"id":214999,"date":"2023-06-18T06:00:46","date_gmt":"2023-06-18T09:00:46","guid":{"rendered":"https:\/\/diarioregionaldigital.com.br\/?p=214999"},"modified":"2023-06-17T01:40:45","modified_gmt":"2023-06-17T04:40:45","slug":"prefeitura-municipal-de-descoberto-extrato-de-contrato-18-06-2023","status":"publish","type":"post","link":"https:\/\/diarioregionaldigital.com.br\/?p=214999","title":{"rendered":"Prefeitura Municipal de Descoberto &#8211; Extrato de Contrato &#8211; 18\/06\/2023"},"content":{"rendered":"<p style=\"text-align: center;\"><strong>EXTRATO DE CONTRATO<\/strong><\/p>\n<p style=\"text-align: center;\">Pref. Municipal de Descoberto x Magna Consultoria e Capacita\u00e7\u00e3o de Recursos Ltda \u00a0\u2013Presta\u00e7\u00e3o de servi\u00e7os de assessoria e consultoria t\u00e9cnica profissional para fins de atendimento \u00e0s demandas de capta\u00e7\u00e3o de recursos, atrav\u00e9s de interlocu\u00e7\u00e3o governamental entre a administra\u00e7\u00e3o p\u00fablica municipal e os governos do estado de Minas Gerais e federal, atuando e participando de pol\u00edticas p\u00fablicas presencialmente em Bras\u00edlia e Belo Horizonte\u2013 \u00a0Fundamento: Preg\u00e3o n\u00ba 016\/2023 &#8211; Valor Global: R$ 41.880,00 &#8211; Vig\u00eancia: 12 meses &#8211;\u00a0 Dot or\u00e7: \u00a002.02002.04.122.0002.217-339035\/150 &#8211; \u00a0\u00a0Ass: 19\/06\/2023 &#8211; Foro: S\u00e3o Jo\u00e3o Nepomuceno\/MG.<\/p>\n<p style=\"text-align: center;\"><strong>Marcos de Ara\u00fajo Lima<\/strong><\/p>\n<p style=\"text-align: center;\"><strong>Prefeito Municipal<\/strong><\/p>\n","protected":false},"excerpt":{"rendered":"<p>EXTRATO DE CONTRATO Pref. Municipal de Descoberto x Magna Consultoria e Capacita\u00e7\u00e3o de Recursos Ltda \u00a0\u2013Presta\u00e7\u00e3o de servi\u00e7os de assessoria e consultoria t\u00e9cnica profissional para fins de atendimento \u00e0s demandas de capta\u00e7\u00e3o de recursos, atrav\u00e9s de interlocu\u00e7\u00e3o governamental entre a administra\u00e7\u00e3o p\u00fablica municipal e os governos do estado de Minas Gerais e federal, atuando e [&hellip;]<\/p>\n","protected":false},"author":96,"featured_media":0,"comment_status":"closed","ping_status":"closed","sticky":false,"template":"","format":"standard","meta":{"footnotes":""},"categories":[307],"tags":[],"class_list":["post-214999","post","type-post","status-publish","format-standard","hentry","category-editais"],"_links":{"self":[{"href":"https:\/\/diarioregionaldigital.com.br\/index.php?rest_route=\/wp\/v2\/posts\/214999","targetHints":{"allow":["GET"]}}],"collection":[{"href":"https:\/\/diarioregionaldigital.com.br\/index.php?rest_route=\/wp\/v2\/posts"}],"about":[{"href":"https:\/\/diarioregionaldigital.com.br\/index.php?rest_route=\/wp\/v2\/types\/post"}],"author":[{"embeddable":true,"href":"https:\/\/diarioregionaldigital.com.br\/index.php?rest_route=\/wp\/v2\/users\/96"}],"replies":[{"embeddable":true,"href":"https:\/\/diarioregionaldigital.com.br\/index.php?rest_route=%2Fwp%2Fv2%2Fcomments&post=214999"}],"version-history":[{"count":1,"href":"https:\/\/diarioregionaldigital.com.br\/index.php?rest_route=\/wp\/v2\/posts\/214999\/revisions"}],"predecessor-version":[{"id":215000,"href":"https:\/\/diarioregionaldigital.com.br\/index.php?rest_route=\/wp\/v2\/posts\/214999\/revisions\/215000"}],"wp:attachment":[{"href":"https:\/\/diarioregionaldigital.com.br\/index.php?rest_route=%2Fwp%2Fv2%2Fmedia&parent=214999"}],"wp:term":[{"taxonomy":"category","embeddable":true,"href":"https:\/\/diarioregionaldigital.com.br\/index.php?rest_route=%2Fwp%2Fv2%2Fcategories&post=214999"},{"taxonomy":"post_tag","embeddable":true,"href":"https:\/\/diarioregionaldigital.com.br\/index.php?rest_route=%2Fwp%2Fv2%2Ftags&post=214999"}],"curies":[{"name":"wp","href":"https:\/\/api.w.org\/{rel}","templated":true}]}}