{"id":214997,"date":"2023-06-18T06:00:35","date_gmt":"2023-06-18T09:00:35","guid":{"rendered":"https:\/\/diarioregionaldigital.com.br\/?p=214997"},"modified":"2023-06-17T01:39:31","modified_gmt":"2023-06-17T04:39:31","slug":"os-lacos-da-lingua-portuguesa","status":"publish","type":"post","link":"https:\/\/diarioregionaldigital.com.br\/?p=214997","title":{"rendered":"Os la\u00e7os da l\u00edngua portuguesa"},"content":{"rendered":"<p>Temos mais de 300 milh\u00f5es de pessoas utilizando, no mundo, como ferramenta de trabalho, a nossa querida l\u00edngua portuguesa. A preocupa\u00e7\u00e3o da Comiss\u00e3o de Lexicografia e Lexicologia da Academia Brasileira de Letras, hoje presidida pelo especialista Evanildo Bechara, tem sido a sua descomplica\u00e7\u00e3o.\u00a0 A esse empenho se juntam, hoje, o rec\u00e9m-eleito Ricardo Cavaliere e a competente imortal Ana Maria Machado.<\/p>\n<p>H\u00e1 temas que s\u00e3o verdadeiros desafios, como a discuss\u00e3o sobre a conveni\u00eancia de ado\u00e7\u00e3o da linguagem neutra (todos, todas, todes), o emprego crescente da educa\u00e7\u00e3o \u00e0 dist\u00e2ncia, a incorpora\u00e7\u00e3o do verbete Pel\u00e9 ao dicion\u00e1rio oficial e o destino do Acordo Ortogr\u00e1fico de Unifica\u00e7\u00e3o da L\u00edngua Portuguesa, muito criticado em algumas na\u00e7\u00f5es lus\u00f3fonas, como \u00e9 o caso de Angola.<\/p>\n<p>S\u00e3o imprecisos os limites entre a norma culta e a linguagem popular. Ser moderno n\u00e3o \u00e9 s\u00f3 adotar procedimentos de filmes, revistas, jornais e programas de televis\u00e3o, como se faz em certas partes do Rio de Janeiro. H\u00e1 um claro desejo de imitar o ingl\u00eas, primeira l\u00edngua de mais de 500 milh\u00f5es de pessoas. Felizmente, temos preciosos guardi\u00f5es do nosso idioma, como os compositores Gilberto Gil, Caetano Veloso, Martinho da Vila, Noca da Portela e o premiado Chico Buarque, que fez um lindo discurso em Lisboa, recentemente. Criticou os titubeios\u00a0 do governo federal passado, sobretudo no campo cultural.<\/p>\n<p>\u00c9 claro que desejamos ampliar os la\u00e7os que nos ligam \u00e0 Comunidade dos Povos de L\u00edngua Portuguesa (CPLP), como tem se referido continuamente o presidente Lu\u00eds In\u00e1cio Lula da Silva. Sabe-se que s\u00f3 3% dos 350 mil verbetes registrados no Vocabul\u00e1rio Ortogr\u00e1fico de L\u00edngua Portuguesa s\u00e3o escritos da mesma forma, o que merece uma ampla e contundente revis\u00e3o. Eis a\u00ed um maravilhoso pretexto para a a\u00e7\u00e3o decisiva da nossa diplomacia, com o necess\u00e1rio trabalho em favor da sonhada unifica\u00e7\u00e3o. O Itamaraty, numa na\u00e7\u00e3o que nem \u00e9 t\u00e3o rica assim, est\u00e1 empenhado em emprestar dinheiro aos povos necessitados. N\u00e3o seria o caso de uma a\u00e7\u00e3o cultural mais expressiva?<\/p>\n<p>A modalidade da educa\u00e7\u00e3o \u00e0 dist\u00e2ncia (EAD), em grande expans\u00e3o no mundo, pode ser um precioso instrumento de harmoniza\u00e7\u00e3o de procedimentos.\u00a0 Est\u00e1 na hora de somar esfor\u00e7os nesse sentido.<\/p>\n<p>Quando vem \u00e0 tona o nome do inesquec\u00edvel Pel\u00e9, pensamos se n\u00e3o \u00e9 um verbete que uniria as na\u00e7\u00f5es lus\u00f3fonas. O Dicion\u00e1rio Michaelis saltou na frente. Sugerimos acompanhar a bela iniciativa.<\/p>\n<p>Queremos nos deter um pouco mais sobre essa homenagem a Pel\u00e9. Ouvi de um acad\u00eamico que n\u00e3o concordava com a ideia, \u201cpois com o tempo o nome de Pel\u00e9 poderia ser esquecido\u201d. Argumento furado, pois a hist\u00f3ria sempre ligar\u00e1 o nome do atleta do Santos F.C. aos t\u00edtulos conquistados pelo Brasil com a sua ajuda e os gols inesquec\u00edveis do \u201cRei do Futebol\u201d.<\/p>\n<p>De toda maneira, este artigo est\u00e1 sendo feito em defesa da l\u00edngua portuguesa e do seu futuro. A uni\u00e3o lus\u00f3fona \u00e9, politicamente, uma ideia altamente defens\u00e1vel e oportuna. A nossa diplomacia tem a\u00ed um belo campo de trabalho.<\/p>\n","protected":false},"excerpt":{"rendered":"<p>Temos mais de 300 milh\u00f5es de pessoas utilizando, no mundo, como ferramenta de trabalho, a nossa querida l\u00edngua portuguesa. A preocupa\u00e7\u00e3o da Comiss\u00e3o de Lexicografia e Lexicologia da Academia Brasileira de Letras, hoje presidida pelo especialista Evanildo Bechara, tem sido a sua descomplica\u00e7\u00e3o.\u00a0 A esse empenho se juntam, hoje, o rec\u00e9m-eleito Ricardo Cavaliere e a [&hellip;]<\/p>\n","protected":false},"author":96,"featured_media":0,"comment_status":"closed","ping_status":"closed","sticky":false,"template":"","format":"standard","meta":{"footnotes":""},"categories":[275],"tags":[],"class_list":["post-214997","post","type-post","status-publish","format-standard","hentry","category-arnaldo-niskier"],"_links":{"self":[{"href":"https:\/\/diarioregionaldigital.com.br\/index.php?rest_route=\/wp\/v2\/posts\/214997","targetHints":{"allow":["GET"]}}],"collection":[{"href":"https:\/\/diarioregionaldigital.com.br\/index.php?rest_route=\/wp\/v2\/posts"}],"about":[{"href":"https:\/\/diarioregionaldigital.com.br\/index.php?rest_route=\/wp\/v2\/types\/post"}],"author":[{"embeddable":true,"href":"https:\/\/diarioregionaldigital.com.br\/index.php?rest_route=\/wp\/v2\/users\/96"}],"replies":[{"embeddable":true,"href":"https:\/\/diarioregionaldigital.com.br\/index.php?rest_route=%2Fwp%2Fv2%2Fcomments&post=214997"}],"version-history":[{"count":1,"href":"https:\/\/diarioregionaldigital.com.br\/index.php?rest_route=\/wp\/v2\/posts\/214997\/revisions"}],"predecessor-version":[{"id":214998,"href":"https:\/\/diarioregionaldigital.com.br\/index.php?rest_route=\/wp\/v2\/posts\/214997\/revisions\/214998"}],"wp:attachment":[{"href":"https:\/\/diarioregionaldigital.com.br\/index.php?rest_route=%2Fwp%2Fv2%2Fmedia&parent=214997"}],"wp:term":[{"taxonomy":"category","embeddable":true,"href":"https:\/\/diarioregionaldigital.com.br\/index.php?rest_route=%2Fwp%2Fv2%2Fcategories&post=214997"},{"taxonomy":"post_tag","embeddable":true,"href":"https:\/\/diarioregionaldigital.com.br\/index.php?rest_route=%2Fwp%2Fv2%2Ftags&post=214997"}],"curies":[{"name":"wp","href":"https:\/\/api.w.org\/{rel}","templated":true}]}}