{"id":214995,"date":"2023-06-18T06:00:15","date_gmt":"2023-06-18T09:00:15","guid":{"rendered":"https:\/\/diarioregionaldigital.com.br\/?p=214995"},"modified":"2023-06-17T01:38:24","modified_gmt":"2023-06-17T04:38:24","slug":"nao-desperdice-a-sua-vida","status":"publish","type":"post","link":"https:\/\/diarioregionaldigital.com.br\/?p=214995","title":{"rendered":"N\u00e3o desperdice a sua vida"},"content":{"rendered":"<p>N\u00e3o esgote suas for\u00e7as tentando ficar rico; tenha bom senso! (Prov\u00e9rbios 23: 4)<\/p>\n<p>Ficar rico \u00e9 uma ilus\u00e3o travestida de um sonho. N\u00e3o vale a pena gastar seus melhores anos e mais potentes energias se, ao final, a consequ\u00eancia \u00e9 se tornar escravo de uma obsess\u00e3o.<\/p>\n<p>Ficar rico n\u00e3o \u00e9 ruim, n\u00e3o \u00e9 pecado querer melhorar, prosperar. Mas idolatrar \u00e9 pecado, assim como \u00e9 faltar com a fam\u00edlia, macular-se moralmente ou desviar-se\u00a0 dos caminhos que transcendem os desejos materiais.<\/p>\n<p>Lembre-se: ficar rico \u00e9 uma das possibilidades da vida santa, imaculada, honesta e reta. Se o resultado for a abund\u00e2ncia para muito al\u00e9m do que \u00e9 necess\u00e1rio, saiba que o prazer na jornada ser\u00e1 t\u00e3o satisfat\u00f3rio quanto a vida modesta e s\u00f3bria.<\/p>\n<p>Prosperidade n\u00e3o diz respeito \u00e0 quantidade de bens, mas \u00e0 realiza\u00e7\u00e3o integral que \u00e9 ao mesmo tempo material, familiar, psicol\u00f3gica, devocional,\u2026<\/p>\n<p>N\u00e3o, n\u00e3o vale a pena degradar a sa\u00fade, privar-se da vida conjugal, deixar de abra\u00e7ar os pais enquanto ainda est\u00e3o aqui ou acompanhar o filho crescer. N\u00e3o, n\u00e3o vale deixar de prestar aten\u00e7\u00e3o nas riquezas mais sublimes que Deus nos proporciona e que trazem in\u00fameros pequenos prazeres santos.<\/p>\n<p>Por isso a B\u00edblia nos fala sobre os tempos:<\/p>\n<p>Tudo tem o seu tempo determinado, e h\u00e1 tempo para todo o prop\u00f3sito debaixo do c\u00e9u: h\u00e1 tempo de nascer e tempo de morrer; tempo de plantar e tempo de arrancar o que se plantou; tempo de matar e tempo de curar; tempo de derribar e tempo de edificar; tempo de chorar e tempo de rir; tempo de prantear e tempo de saltar; tempo de espalhar pedras e tempo de ajuntar pedras; tempo de abra\u00e7ar e tempo de afastar-se de abra\u00e7ar; tempo de buscar e tempo de perder; tempo de guardar e tempo de deitar fora; tempo de rasgar e tempo de coser; tempo de estar calado e tempo de falar (Eclesiastes 3: 1-7).<\/p>\n<p>Aproveite o tempo que Deus te deu. N\u00e3o desperdice a vida buscando o que a ferrugem consome e o tempo corrompe.<\/p>\n","protected":false},"excerpt":{"rendered":"<p>N\u00e3o esgote suas for\u00e7as tentando ficar rico; tenha bom senso! (Prov\u00e9rbios 23: 4) Ficar rico \u00e9 uma ilus\u00e3o travestida de um sonho. N\u00e3o vale a pena gastar seus melhores anos e mais potentes energias se, ao final, a consequ\u00eancia \u00e9 se tornar escravo de uma obsess\u00e3o. Ficar rico n\u00e3o \u00e9 ruim, n\u00e3o \u00e9 pecado querer [&hellip;]<\/p>\n","protected":false},"author":96,"featured_media":0,"comment_status":"closed","ping_status":"closed","sticky":false,"template":"","format":"standard","meta":{"footnotes":""},"categories":[1244],"tags":[],"class_list":["post-214995","post","type-post","status-publish","format-standard","hentry","category-oleg-abramov"],"_links":{"self":[{"href":"https:\/\/diarioregionaldigital.com.br\/index.php?rest_route=\/wp\/v2\/posts\/214995","targetHints":{"allow":["GET"]}}],"collection":[{"href":"https:\/\/diarioregionaldigital.com.br\/index.php?rest_route=\/wp\/v2\/posts"}],"about":[{"href":"https:\/\/diarioregionaldigital.com.br\/index.php?rest_route=\/wp\/v2\/types\/post"}],"author":[{"embeddable":true,"href":"https:\/\/diarioregionaldigital.com.br\/index.php?rest_route=\/wp\/v2\/users\/96"}],"replies":[{"embeddable":true,"href":"https:\/\/diarioregionaldigital.com.br\/index.php?rest_route=%2Fwp%2Fv2%2Fcomments&post=214995"}],"version-history":[{"count":1,"href":"https:\/\/diarioregionaldigital.com.br\/index.php?rest_route=\/wp\/v2\/posts\/214995\/revisions"}],"predecessor-version":[{"id":214996,"href":"https:\/\/diarioregionaldigital.com.br\/index.php?rest_route=\/wp\/v2\/posts\/214995\/revisions\/214996"}],"wp:attachment":[{"href":"https:\/\/diarioregionaldigital.com.br\/index.php?rest_route=%2Fwp%2Fv2%2Fmedia&parent=214995"}],"wp:term":[{"taxonomy":"category","embeddable":true,"href":"https:\/\/diarioregionaldigital.com.br\/index.php?rest_route=%2Fwp%2Fv2%2Fcategories&post=214995"},{"taxonomy":"post_tag","embeddable":true,"href":"https:\/\/diarioregionaldigital.com.br\/index.php?rest_route=%2Fwp%2Fv2%2Ftags&post=214995"}],"curies":[{"name":"wp","href":"https:\/\/api.w.org\/{rel}","templated":true}]}}