{"id":214989,"date":"2023-06-16T19:47:24","date_gmt":"2023-06-16T22:47:24","guid":{"rendered":"https:\/\/diarioregionaldigital.com.br\/?p=214989"},"modified":"2023-06-16T19:47:24","modified_gmt":"2023-06-16T22:47:24","slug":"pjf-publica-edital-de-inscricao-do-programa-bolsa-atleta","status":"publish","type":"post","link":"https:\/\/diarioregionaldigital.com.br\/?p=214989","title":{"rendered":"PJF publica edital de inscri\u00e7\u00e3o do Programa Bolsa Atleta"},"content":{"rendered":"<div id=\"box_texto_noticia\">\n<p>Segundo informa\u00e7\u00f5es do site da Prefeitura de Juiz de Fora (PJF), foi publicado nesta sexta-feira, 16, o <a href=\"https:\/\/www.pjf.mg.gov.br\/e_atos\/e_atos_vis.php?id=107331\">edital de inscri\u00e7\u00e3o para o Programa Bolsa Atleta<\/a>. O programa tem como objetivo realizar projetos esportivos, visando valorizar e beneficiar atletas e paratletas amadores representantes do munic\u00edpio de Juiz de Fora em competi\u00e7\u00f5es regionais, estaduais, nacionais e internacionais, nas categorias: individual, coletiva, t\u00e9cnica e estudantil.\u00a0<a href=\"https:\/\/www.pjf.mg.gov.br\/e_atos\/e_atos_vis.php?id=102534\">O Bolsa Atleta foi institu\u00eddo no dia 7 de janeiro de 2023<\/a>\u00a0 e sua\u00a0<a href=\"https:\/\/www.pjf.mg.gov.br\/noticias\/view.php?modo=link2&amp;idnoticia2=79053\">regulamenta\u00e7\u00e3o publicada em mar\u00e7o<\/a>.<br \/>\nO Bolsa Atleta ser\u00e1 concedido por orienta\u00e7\u00e3o, avalia\u00e7\u00e3o, acompanhamento e fiscaliza\u00e7\u00e3o do Conselho Municipal de Desporto (CMD) a desportistas que preencham os requisitos previstos neste decreto, previamente selecionados pela Comiss\u00e3o Especial de Sele\u00e7\u00e3o e Avalia\u00e7\u00e3o e, posteriormente, encaminhados ao secret\u00e1rio de Esporte e Lazer, Marcelo Matta, que decidir\u00e1 quanto \u00e0 sua aprova\u00e7\u00e3o ou rejei\u00e7\u00e3o, por meio de justificativa fundamentada.<br \/>\nO atleta interessado no financiamento esportivo deve residir em Juiz de Fora, n\u00e3o receber sal\u00e1rio de entidade de pr\u00e1tica desportiva, apresentar resultados obtidos em atividades esportivas nos \u00faltimos tr\u00eas anos e apresentar um projeto esportivo na modalidade em que atua, entre outras exig\u00eancias. Para atletas a n\u00edvel estudantil, ainda \u00e9 necess\u00e1rio comprovar matr\u00edcula em institui\u00e7\u00e3o de ensino p\u00fablica ou privada e a anu\u00eancia dos respons\u00e1veis, caso tenham menos de 18 anos.<br \/>\nOs recursos destinados aos bolsistas dever\u00e3o ser utilizados para viabilizar a sua participa\u00e7\u00e3o em competi\u00e7\u00f5es esportivas, n\u00e3o devendo ser empregados em outra finalidade que n\u00e3o a de cobrir gastos com educa\u00e7\u00e3o, alimenta\u00e7\u00e3o, sa\u00fade, inscri\u00e7\u00f5es, passagens para eventos esportivos, estadia, transporte urbano, aquisi\u00e7\u00e3o de material esportivo, capacita\u00e7\u00e3o, cursos e participa\u00e7\u00e3o em simp\u00f3sios da \u00e1rea de atua\u00e7\u00e3o, devendo o beneficiado prestar contas, mensalmente, na forma e condi\u00e7\u00f5es estabelecidas pelo Conselho Municipal de Desportos.<br \/>\n<strong>Todas as informa\u00e7\u00f5es e os crit\u00e9rios para a inscri\u00e7\u00e3o do programa podem ser conferidos no documento em anexo.<\/strong><br \/>\n<strong>Outras informa\u00e7\u00f5es:<\/strong><\/p>\n<p>Secretaria de Esporte e Lazer (32) 3690-7844<\/p>\n<p>E-mail: selgabinete@gmail.com<\/p>\n<\/div>\n<p>&nbsp;<\/p>\n<div class=\"texto_anexo\"><img loading=\"lazy\" decoding=\"async\" src=\"https:\/\/www.pjf.mg.gov.br\/imagens\/clips.jpg\" width=\"22\" height=\"20\" \/>\u00a0<a href=\"https:\/\/www.pjf.mg.gov.br\/noticias\/anexo\/edital_01-2023sel_165253.pdf\" target=\"_blank\" rel=\"noopener\">Veja o anexo<\/a><\/div>\n","protected":false},"excerpt":{"rendered":"<p>Segundo informa\u00e7\u00f5es do site da Prefeitura de Juiz de Fora (PJF), foi publicado nesta sexta-feira, 16, o edital de inscri\u00e7\u00e3o para o Programa Bolsa Atleta. O programa tem como objetivo realizar projetos esportivos, visando valorizar e beneficiar atletas e paratletas amadores representantes do munic\u00edpio de Juiz de Fora em competi\u00e7\u00f5es regionais, estaduais, nacionais e internacionais, [&hellip;]<\/p>\n","protected":false},"author":246,"featured_media":214990,"comment_status":"closed","ping_status":"closed","sticky":false,"template":"","format":"standard","meta":{"footnotes":""},"categories":[253,436,439],"tags":[],"class_list":["post-214989","post","type-post","status-publish","format-standard","has-post-thumbnail","hentry","category-cidade","category-destaque-da-semana","category-ultima-hora"],"_links":{"self":[{"href":"https:\/\/diarioregionaldigital.com.br\/index.php?rest_route=\/wp\/v2\/posts\/214989","targetHints":{"allow":["GET"]}}],"collection":[{"href":"https:\/\/diarioregionaldigital.com.br\/index.php?rest_route=\/wp\/v2\/posts"}],"about":[{"href":"https:\/\/diarioregionaldigital.com.br\/index.php?rest_route=\/wp\/v2\/types\/post"}],"author":[{"embeddable":true,"href":"https:\/\/diarioregionaldigital.com.br\/index.php?rest_route=\/wp\/v2\/users\/246"}],"replies":[{"embeddable":true,"href":"https:\/\/diarioregionaldigital.com.br\/index.php?rest_route=%2Fwp%2Fv2%2Fcomments&post=214989"}],"version-history":[{"count":1,"href":"https:\/\/diarioregionaldigital.com.br\/index.php?rest_route=\/wp\/v2\/posts\/214989\/revisions"}],"predecessor-version":[{"id":214991,"href":"https:\/\/diarioregionaldigital.com.br\/index.php?rest_route=\/wp\/v2\/posts\/214989\/revisions\/214991"}],"wp:featuredmedia":[{"embeddable":true,"href":"https:\/\/diarioregionaldigital.com.br\/index.php?rest_route=\/wp\/v2\/media\/214990"}],"wp:attachment":[{"href":"https:\/\/diarioregionaldigital.com.br\/index.php?rest_route=%2Fwp%2Fv2%2Fmedia&parent=214989"}],"wp:term":[{"taxonomy":"category","embeddable":true,"href":"https:\/\/diarioregionaldigital.com.br\/index.php?rest_route=%2Fwp%2Fv2%2Fcategories&post=214989"},{"taxonomy":"post_tag","embeddable":true,"href":"https:\/\/diarioregionaldigital.com.br\/index.php?rest_route=%2Fwp%2Fv2%2Ftags&post=214989"}],"curies":[{"name":"wp","href":"https:\/\/api.w.org\/{rel}","templated":true}]}}