{"id":214986,"date":"2023-06-16T19:44:35","date_gmt":"2023-06-16T22:44:35","guid":{"rendered":"https:\/\/diarioregionaldigital.com.br\/?p=214986"},"modified":"2023-06-16T19:44:35","modified_gmt":"2023-06-16T22:44:35","slug":"evento-vem-para-o-morro-do-cristo-reune-turismo-e-lazer-nas-comemoracoes-do-aniversario-da-cidade","status":"publish","type":"post","link":"https:\/\/diarioregionaldigital.com.br\/?p=214986","title":{"rendered":"Evento \u201cVem para o Morro do Cristo\u201d re\u00fane turismo e lazer nas comemora\u00e7\u00f5es do anivers\u00e1rio da cidade"},"content":{"rendered":"<p><span style=\"font-weight: 400;\">\u00a0Segundo informa\u00e7\u00f5es do site da Prefeitura de Juiz de Fora (PJF), para comemorar os 173 anos de Juiz de Fora, ser\u00e1 realizado o evento \u201cVem para o Morro do Cristo\u201d, neste s\u00e1bado e domingo, 17 e 18, no Morro do Cristo. No s\u00e1bado, a festa ser\u00e1 realizada de 11h \u00e0s 21h, e no domingo, de 11h \u00e0s 20h. Haver\u00e1 venda e consumo de cervejas e produtos artesanais especiais fabricados em Juiz de Fora, comidas locais, apresenta\u00e7\u00f5es musicais e atra\u00e7\u00f5es para as crian\u00e7as. Tamb\u00e9m estar\u00e3o dispon\u00edveis barracas, mesas e cadeiras para o conforto dos visitantes.<\/span><\/p>\n<p><span style=\"font-weight: 400;\">O evento tem como objetivo proporcionar aos moradores e visitantes lazer, cultura, entretenimento e turismo, de forma gratuita. Al\u00e9m disso, a a\u00e7\u00e3o tem como intuito estudar a possibilidades de realiza\u00e7\u00e3o de eventos peri\u00f3dicos no local, visando democratizar o espa\u00e7o e valoriz\u00e1-lo, uma vez que se trata de um dos mais importantes cart\u00e3o-postal da cidade. As atra\u00e7\u00f5es s\u00e3o para todos os p\u00fablicos, contando com pintura facial, brinquedos, m\u00fasica, samba e DJ&#8217;s. O evento ter\u00e1, tamb\u00e9m, tradu\u00e7\u00e3o em libras.<\/span><\/p>\n<p><span style=\"font-weight: 400;\">O p\u00fablico presente ter\u00e1 a oportunidade de saborear chopes artesanais das cervejarias Dakza, Carioca do Brejo e Buona Cerva. O consumo de alimentos poder\u00e1 ser realizado atrav\u00e9s dos foods trucks e das barracas dos representantes da APL do Queijo Minas, que estar\u00e3o presentes no evento.\u00a0<\/span><\/p>\n<p><span style=\"font-weight: 400;\">A a\u00e7\u00e3o est\u00e1 sendo organizado pela PJF atrav\u00e9s do grupo intersetorial que administra o Morro do Cristo, formado pela Secretaria de Sustentabilidade em Meio Ambiente e Atividades Urbanas (Sesmaur), Secretaria de Turismo (Setur), Funda\u00e7\u00e3o Cultural Alfredo Ferreira Lage (Funalfa), Secretaria de Fazenda (SF), Secretaria de Mobilidade Urbana (SMU), Secretaria de Desenvolvimento Sustent\u00e1vel e Inclusivo, da Inova\u00e7\u00e3o e Competitividade (Sedic) Defesa Civil e Secretaria de Obras (SO).<\/span><\/p>\n<p>&nbsp;<\/p>\n<p><span style=\"font-weight: 400;\">Confira a programa\u00e7\u00e3o completa:\u00a0<\/span><\/p>\n<p>&nbsp;<\/p>\n<p><span style=\"font-weight: 400;\">Libras das 12h \u00e0s 20h<\/span><\/p>\n<p>&nbsp;<\/p>\n<p><span style=\"font-weight: 400;\">Palha\u00e7o+Circo das 12 \u00e0s 18h<\/span><\/p>\n<p>&nbsp;<\/p>\n<p><span style=\"font-weight: 400;\">DJ das 12h \u00e0s 20h<\/span><\/p>\n<p>&nbsp;<\/p>\n<p><span style=\"font-weight: 400;\">Brinquedos das 12h \u00e0s 18h<\/span><\/p>\n<p>&nbsp;<\/p>\n<p><span style=\"font-weight: 400;\">Pintura facial das 12h \u00e0s 18h<\/span><\/p>\n<p>&nbsp;<\/p>\n<p><span style=\"font-weight: 400;\">Show musical das 15h \u00e0s 19h<\/span><\/p>\n<p>&nbsp;<\/p>\n","protected":false},"excerpt":{"rendered":"<p>\u00a0Segundo informa\u00e7\u00f5es do site da Prefeitura de Juiz de Fora (PJF), para comemorar os 173 anos de Juiz de Fora, ser\u00e1 realizado o evento \u201cVem para o Morro do Cristo\u201d, neste s\u00e1bado e domingo, 17 e 18, no Morro do Cristo. No s\u00e1bado, a festa ser\u00e1 realizada de 11h \u00e0s 21h, e no domingo, de [&hellip;]<\/p>\n","protected":false},"author":246,"featured_media":214987,"comment_status":"closed","ping_status":"closed","sticky":false,"template":"","format":"standard","meta":{"footnotes":""},"categories":[253,436,439],"tags":[],"class_list":["post-214986","post","type-post","status-publish","format-standard","has-post-thumbnail","hentry","category-cidade","category-destaque-da-semana","category-ultima-hora"],"_links":{"self":[{"href":"https:\/\/diarioregionaldigital.com.br\/index.php?rest_route=\/wp\/v2\/posts\/214986","targetHints":{"allow":["GET"]}}],"collection":[{"href":"https:\/\/diarioregionaldigital.com.br\/index.php?rest_route=\/wp\/v2\/posts"}],"about":[{"href":"https:\/\/diarioregionaldigital.com.br\/index.php?rest_route=\/wp\/v2\/types\/post"}],"author":[{"embeddable":true,"href":"https:\/\/diarioregionaldigital.com.br\/index.php?rest_route=\/wp\/v2\/users\/246"}],"replies":[{"embeddable":true,"href":"https:\/\/diarioregionaldigital.com.br\/index.php?rest_route=%2Fwp%2Fv2%2Fcomments&post=214986"}],"version-history":[{"count":1,"href":"https:\/\/diarioregionaldigital.com.br\/index.php?rest_route=\/wp\/v2\/posts\/214986\/revisions"}],"predecessor-version":[{"id":214988,"href":"https:\/\/diarioregionaldigital.com.br\/index.php?rest_route=\/wp\/v2\/posts\/214986\/revisions\/214988"}],"wp:featuredmedia":[{"embeddable":true,"href":"https:\/\/diarioregionaldigital.com.br\/index.php?rest_route=\/wp\/v2\/media\/214987"}],"wp:attachment":[{"href":"https:\/\/diarioregionaldigital.com.br\/index.php?rest_route=%2Fwp%2Fv2%2Fmedia&parent=214986"}],"wp:term":[{"taxonomy":"category","embeddable":true,"href":"https:\/\/diarioregionaldigital.com.br\/index.php?rest_route=%2Fwp%2Fv2%2Fcategories&post=214986"},{"taxonomy":"post_tag","embeddable":true,"href":"https:\/\/diarioregionaldigital.com.br\/index.php?rest_route=%2Fwp%2Fv2%2Ftags&post=214986"}],"curies":[{"name":"wp","href":"https:\/\/api.w.org\/{rel}","templated":true}]}}