{"id":214977,"date":"2023-06-16T19:30:50","date_gmt":"2023-06-16T22:30:50","guid":{"rendered":"https:\/\/diarioregionaldigital.com.br\/?p=214977"},"modified":"2023-06-16T19:30:50","modified_gmt":"2023-06-16T22:30:50","slug":"bahia-e-gremio-abrem-as-quartas-da-copa-do-brasil-no-dia-4-de-julho","status":"publish","type":"post","link":"https:\/\/diarioregionaldigital.com.br\/?p=214977","title":{"rendered":"Bahia e Gr\u00eamio abrem as quartas da Copa do Brasil no dia 4 de julho"},"content":{"rendered":"<p>O confronto entre Bahia e Gr\u00eamio abrir\u00e1 as quartas de final da Copa do Brasil, a partir das 21h (hor\u00e1rio de Bras\u00edlia) do dia 4 de julho, uma ter\u00e7a-feira, na Arena Fonte Nova, em Salvador. A Confedera\u00e7\u00e3o Brasileira de Futebol (CBF) informou, nesta quinta-feira (15), que os tr\u00eas outros jogos ser\u00e3o disputados um dia depois.<img decoding=\"async\" src=\"https:\/\/agenciabrasil.ebc.com.br\/ebc.png?id=1538547&amp;o=node\" \/><img decoding=\"async\" src=\"https:\/\/agenciabrasil.ebc.com.br\/ebc.gif?id=1538547&amp;o=node\" \/><\/p>\n<p>As disputas no dia 5 de julho ser\u00e3o abertas \u00e0s 19h30, com o cl\u00e1ssico entre S\u00e3o Paulo e Palmeiras no est\u00e1dio do Morumbi. No mesmo dia, mas a partir das 21h30, Am\u00e9rica-MG recebe o Corinthians no Independ\u00eancia, enquanto o Flamengo mede for\u00e7as com o Athletico-PR no Maracan\u00e3.<\/p>\n<p>J\u00e1 as partidas de volta ser\u00e3o realizadas a partir do dia 12 de julho, com Gr\u00eamio e Bahia, a partir das 19h em Porto Alegre, Corinthians e Am\u00e9rica-MG, na Neo Qu\u00edmica Arena \u00e0s 21h30, e Athletico-PR e Flamengo, na Arena da Baixada a partir das 21h30. No dia 13 Palmeiras e S\u00e3o Paulo disputam cl\u00e1ssico a partir das 20h no Allianz Parque.<\/p>\n<p><span style=\"font-weight: 400;\">Fonte: Ag\u00eancia Brasil\u00a0<\/span><span style=\"font-weight: 400;\"><br \/>\n<\/span><\/p>\n","protected":false},"excerpt":{"rendered":"<p>O confronto entre Bahia e Gr\u00eamio abrir\u00e1 as quartas de final da Copa do Brasil, a partir das 21h (hor\u00e1rio de Bras\u00edlia) do dia 4 de julho, uma ter\u00e7a-feira, na Arena Fonte Nova, em Salvador. A Confedera\u00e7\u00e3o Brasileira de Futebol (CBF) informou, nesta quinta-feira (15), que os tr\u00eas outros jogos ser\u00e3o disputados um dia depois. [&hellip;]<\/p>\n","protected":false},"author":246,"featured_media":214978,"comment_status":"closed","ping_status":"closed","sticky":false,"template":"","format":"standard","meta":{"footnotes":""},"categories":[436,257,439],"tags":[],"class_list":["post-214977","post","type-post","status-publish","format-standard","has-post-thumbnail","hentry","category-destaque-da-semana","category-esporte","category-ultima-hora"],"_links":{"self":[{"href":"https:\/\/diarioregionaldigital.com.br\/index.php?rest_route=\/wp\/v2\/posts\/214977","targetHints":{"allow":["GET"]}}],"collection":[{"href":"https:\/\/diarioregionaldigital.com.br\/index.php?rest_route=\/wp\/v2\/posts"}],"about":[{"href":"https:\/\/diarioregionaldigital.com.br\/index.php?rest_route=\/wp\/v2\/types\/post"}],"author":[{"embeddable":true,"href":"https:\/\/diarioregionaldigital.com.br\/index.php?rest_route=\/wp\/v2\/users\/246"}],"replies":[{"embeddable":true,"href":"https:\/\/diarioregionaldigital.com.br\/index.php?rest_route=%2Fwp%2Fv2%2Fcomments&post=214977"}],"version-history":[{"count":1,"href":"https:\/\/diarioregionaldigital.com.br\/index.php?rest_route=\/wp\/v2\/posts\/214977\/revisions"}],"predecessor-version":[{"id":214979,"href":"https:\/\/diarioregionaldigital.com.br\/index.php?rest_route=\/wp\/v2\/posts\/214977\/revisions\/214979"}],"wp:featuredmedia":[{"embeddable":true,"href":"https:\/\/diarioregionaldigital.com.br\/index.php?rest_route=\/wp\/v2\/media\/214978"}],"wp:attachment":[{"href":"https:\/\/diarioregionaldigital.com.br\/index.php?rest_route=%2Fwp%2Fv2%2Fmedia&parent=214977"}],"wp:term":[{"taxonomy":"category","embeddable":true,"href":"https:\/\/diarioregionaldigital.com.br\/index.php?rest_route=%2Fwp%2Fv2%2Fcategories&post=214977"},{"taxonomy":"post_tag","embeddable":true,"href":"https:\/\/diarioregionaldigital.com.br\/index.php?rest_route=%2Fwp%2Fv2%2Ftags&post=214977"}],"curies":[{"name":"wp","href":"https:\/\/api.w.org\/{rel}","templated":true}]}}