{"id":214974,"date":"2023-06-16T19:29:12","date_gmt":"2023-06-16T22:29:12","guid":{"rendered":"https:\/\/diarioregionaldigital.com.br\/?p=214974"},"modified":"2023-06-16T19:29:12","modified_gmt":"2023-06-16T22:29:12","slug":"ramon-menezes-diz-esperar-brasil-vitorioso-diante-da-guine","status":"publish","type":"post","link":"https:\/\/diarioregionaldigital.com.br\/?p=214974","title":{"rendered":"Ramon Menezes diz esperar Brasil vitorioso diante da Guin\u00e9"},"content":{"rendered":"<p>Um dia antes do primeiro dos amistosos da sele\u00e7\u00e3o brasileira na Data Fifa de junho, contra a Guin\u00e9, o t\u00e9cnico interino da equipe, Ramon Menezes, concedeu uma entrevista coletiva, nesta sexta-feira (16), em Barcelona (Espanha), na qual expressou seu desejo de que o Brasil volte a triunfar e a apresentar um bom futebol.<img decoding=\"async\" src=\"https:\/\/agenciabrasil.ebc.com.br\/ebc.png?id=1538704&amp;o=node\" \/><img decoding=\"async\" src=\"https:\/\/agenciabrasil.ebc.com.br\/ebc.gif?id=1538704&amp;o=node\" \/><\/p>\n<p>\u201cQue o Brasil volte a vencer, volte a jogar bem e a ter o controle das a\u00e7\u00f5es, como j\u00e1 faz parte da tradi\u00e7\u00e3o da sele\u00e7\u00e3o, que tamb\u00e9m \u00e9 forte na parte defensiva\u201d, declarou o treinador. Sob seu comando a equipe canarinho disputou o \u00fanico jogo ap\u00f3s a desclassifica\u00e7\u00e3o da Copa do Mundo de 2022, disputada no Catar. Foi um amistoso contra o Marrocos disputado em T\u00e2nger que terminou com vit\u00f3ria dos donos da casa por 2 a 1.<\/p>\n<p>Agora, ap\u00f3s cinco dias de treinos em solo espanhol, Ramon Menezes disse que espera contribuir com a sele\u00e7\u00e3o, que ainda aguarda a defini\u00e7\u00e3o do nome do seu novo comandante, em um jogo que ele entende n\u00e3o ser f\u00e1cil: \u201c[Guin\u00e9] \u00e9 uma equipe muito forte fisicamente, com uma transi\u00e7\u00e3o ofensiva muito boa\u201d.<\/p>\n<p>Na coletiva o treinador tamb\u00e9m falou do interesse da Confedera\u00e7\u00e3o Brasileira de Futebol (CBF) de trazer o t\u00e9cnico italiano Carlo Ancelotti para o comando da sele\u00e7\u00e3o brasileira: \u201c\u00c9 um grand\u00edssimo treinador. Mas, da minha parte, j\u00e1 falei um pouco. Vamos esperar o que vai acontecer. Estou concentrado nestes dois jogos\u201d.<\/p>\n<p>O Brasil enfrenta a sele\u00e7\u00e3o de Guin\u00e9 a partir das 16h30 (hor\u00e1rio de Bras\u00edlia) de s\u00e1bado (17), no est\u00e1dio Cornell\u00e0-El Prat, que pertence ao Espanyol, em Barcelona. Depois a equipe segue para Portugal, onde enfrenta Senegal, em Lisboa, na pr\u00f3xima ter\u00e7a-feira (20), no est\u00e1dio Jos\u00e9 Alvalade.<\/p>\n<p><span style=\"font-weight: 400;\">Fonte: Ag\u00eancia Brasil <\/span><\/p>\n","protected":false},"excerpt":{"rendered":"<p>Um dia antes do primeiro dos amistosos da sele\u00e7\u00e3o brasileira na Data Fifa de junho, contra a Guin\u00e9, o t\u00e9cnico interino da equipe, Ramon Menezes, concedeu uma entrevista coletiva, nesta sexta-feira (16), em Barcelona (Espanha), na qual expressou seu desejo de que o Brasil volte a triunfar e a apresentar um bom futebol. \u201cQue o [&hellip;]<\/p>\n","protected":false},"author":246,"featured_media":214975,"comment_status":"closed","ping_status":"closed","sticky":false,"template":"","format":"standard","meta":{"footnotes":""},"categories":[436,257,439],"tags":[],"class_list":["post-214974","post","type-post","status-publish","format-standard","has-post-thumbnail","hentry","category-destaque-da-semana","category-esporte","category-ultima-hora"],"_links":{"self":[{"href":"https:\/\/diarioregionaldigital.com.br\/index.php?rest_route=\/wp\/v2\/posts\/214974","targetHints":{"allow":["GET"]}}],"collection":[{"href":"https:\/\/diarioregionaldigital.com.br\/index.php?rest_route=\/wp\/v2\/posts"}],"about":[{"href":"https:\/\/diarioregionaldigital.com.br\/index.php?rest_route=\/wp\/v2\/types\/post"}],"author":[{"embeddable":true,"href":"https:\/\/diarioregionaldigital.com.br\/index.php?rest_route=\/wp\/v2\/users\/246"}],"replies":[{"embeddable":true,"href":"https:\/\/diarioregionaldigital.com.br\/index.php?rest_route=%2Fwp%2Fv2%2Fcomments&post=214974"}],"version-history":[{"count":1,"href":"https:\/\/diarioregionaldigital.com.br\/index.php?rest_route=\/wp\/v2\/posts\/214974\/revisions"}],"predecessor-version":[{"id":214976,"href":"https:\/\/diarioregionaldigital.com.br\/index.php?rest_route=\/wp\/v2\/posts\/214974\/revisions\/214976"}],"wp:featuredmedia":[{"embeddable":true,"href":"https:\/\/diarioregionaldigital.com.br\/index.php?rest_route=\/wp\/v2\/media\/214975"}],"wp:attachment":[{"href":"https:\/\/diarioregionaldigital.com.br\/index.php?rest_route=%2Fwp%2Fv2%2Fmedia&parent=214974"}],"wp:term":[{"taxonomy":"category","embeddable":true,"href":"https:\/\/diarioregionaldigital.com.br\/index.php?rest_route=%2Fwp%2Fv2%2Fcategories&post=214974"},{"taxonomy":"post_tag","embeddable":true,"href":"https:\/\/diarioregionaldigital.com.br\/index.php?rest_route=%2Fwp%2Fv2%2Ftags&post=214974"}],"curies":[{"name":"wp","href":"https:\/\/api.w.org\/{rel}","templated":true}]}}