{"id":214971,"date":"2023-06-16T19:27:23","date_gmt":"2023-06-16T22:27:23","guid":{"rendered":"https:\/\/diarioregionaldigital.com.br\/?p=214971"},"modified":"2023-06-16T19:27:23","modified_gmt":"2023-06-16T22:27:23","slug":"liga-das-nacoes-brasil-derrota-bicampea-mundial-servia","status":"publish","type":"post","link":"https:\/\/diarioregionaldigital.com.br\/?p=214971","title":{"rendered":"Liga das Na\u00e7\u00f5es: Brasil derrota bicampe\u00e3 mundial S\u00e9rvia"},"content":{"rendered":"<p>A sele\u00e7\u00e3o feminina mostrou for\u00e7a e derrotou a bicampe\u00e3 mundial S\u00e9rvia por 3 sets a 2 (parciais 23\/25, 25\/22, 21\/25, 25\/12 e 15\/11), na noite desta quarta-feira (14) no gin\u00e1sio Nilson Nelson, em Bras\u00edlia, em seu segundo compromisso na segunda semana de partidas da Liga das Na\u00e7\u00f5es.<img decoding=\"async\" src=\"https:\/\/agenciabrasil.ebc.com.br\/ebc.png?id=1538570&amp;o=node\" \/><img decoding=\"async\" src=\"https:\/\/agenciabrasil.ebc.com.br\/ebc.gif?id=1538570&amp;o=node\" \/><\/p>\n<div class=\"post-item-wrap\">\n<p>Com este resultado, a equipe comandada pelo t\u00e9cnico Jos\u00e9 Roberto Guimar\u00e3es assumiu a terceira posi\u00e7\u00e3o da classifica\u00e7\u00e3o da competi\u00e7\u00e3o com cinco pontos, um a menos do que a l\u00edder Pol\u00f4nia e o vice-l\u00edder Estados Unidos.<\/p>\n<p>O destaque da partida foi a experiente meio-de-rede Tha\u00edsa. Em um confronto t\u00e3o parelho, definido apenas no\u00a0<em>tie-break<\/em>, a bicampe\u00e3 ol\u00edmpica foi a grande refer\u00eancia t\u00e9cnica da sele\u00e7\u00e3o brasileira dentro de quadra, sendo tamb\u00e9m a maior pontuadora da partida com 18 pontos marcados.<\/p>\n<p>Agora, o Brasil volta a entrar em quadra apenas no pr\u00f3ximo s\u00e1bado (17), quando medir\u00e1 for\u00e7as com a Alemanha a partir das 14h (hor\u00e1rio de Bras\u00edlia).<\/p>\n<\/div>\n<p class=\"alt-font font-italic my-2 small text-info\"><span style=\"font-weight: 400;\">Fonte: Ag\u00eancia Brasil <\/span><\/p>\n","protected":false},"excerpt":{"rendered":"<p>A sele\u00e7\u00e3o feminina mostrou for\u00e7a e derrotou a bicampe\u00e3 mundial S\u00e9rvia por 3 sets a 2 (parciais 23\/25, 25\/22, 21\/25, 25\/12 e 15\/11), na noite desta quarta-feira (14) no gin\u00e1sio Nilson Nelson, em Bras\u00edlia, em seu segundo compromisso na segunda semana de partidas da Liga das Na\u00e7\u00f5es. Com este resultado, a equipe comandada pelo t\u00e9cnico [&hellip;]<\/p>\n","protected":false},"author":246,"featured_media":214972,"comment_status":"closed","ping_status":"closed","sticky":false,"template":"","format":"standard","meta":{"footnotes":""},"categories":[436,257,439],"tags":[],"class_list":["post-214971","post","type-post","status-publish","format-standard","has-post-thumbnail","hentry","category-destaque-da-semana","category-esporte","category-ultima-hora"],"_links":{"self":[{"href":"https:\/\/diarioregionaldigital.com.br\/index.php?rest_route=\/wp\/v2\/posts\/214971","targetHints":{"allow":["GET"]}}],"collection":[{"href":"https:\/\/diarioregionaldigital.com.br\/index.php?rest_route=\/wp\/v2\/posts"}],"about":[{"href":"https:\/\/diarioregionaldigital.com.br\/index.php?rest_route=\/wp\/v2\/types\/post"}],"author":[{"embeddable":true,"href":"https:\/\/diarioregionaldigital.com.br\/index.php?rest_route=\/wp\/v2\/users\/246"}],"replies":[{"embeddable":true,"href":"https:\/\/diarioregionaldigital.com.br\/index.php?rest_route=%2Fwp%2Fv2%2Fcomments&post=214971"}],"version-history":[{"count":1,"href":"https:\/\/diarioregionaldigital.com.br\/index.php?rest_route=\/wp\/v2\/posts\/214971\/revisions"}],"predecessor-version":[{"id":214973,"href":"https:\/\/diarioregionaldigital.com.br\/index.php?rest_route=\/wp\/v2\/posts\/214971\/revisions\/214973"}],"wp:featuredmedia":[{"embeddable":true,"href":"https:\/\/diarioregionaldigital.com.br\/index.php?rest_route=\/wp\/v2\/media\/214972"}],"wp:attachment":[{"href":"https:\/\/diarioregionaldigital.com.br\/index.php?rest_route=%2Fwp%2Fv2%2Fmedia&parent=214971"}],"wp:term":[{"taxonomy":"category","embeddable":true,"href":"https:\/\/diarioregionaldigital.com.br\/index.php?rest_route=%2Fwp%2Fv2%2Fcategories&post=214971"},{"taxonomy":"post_tag","embeddable":true,"href":"https:\/\/diarioregionaldigital.com.br\/index.php?rest_route=%2Fwp%2Fv2%2Ftags&post=214971"}],"curies":[{"name":"wp","href":"https:\/\/api.w.org\/{rel}","templated":true}]}}