{"id":214962,"date":"2023-06-16T19:17:32","date_gmt":"2023-06-16T22:17:32","guid":{"rendered":"https:\/\/diarioregionaldigital.com.br\/?p=214962"},"modified":"2023-06-16T19:17:32","modified_gmt":"2023-06-16T22:17:32","slug":"padilha-anuncia-forca-tarefa-para-acelerar-nomeacoes-no-governo","status":"publish","type":"post","link":"https:\/\/diarioregionaldigital.com.br\/?p=214962","title":{"rendered":"Padilha anuncia for\u00e7a-tarefa para acelerar nomea\u00e7\u00f5es no governo"},"content":{"rendered":"<p>O ministro das Rela\u00e7\u00f5es Institucionais, Alexandre Padilha, anunciou nesta sexta-feira (16) uma &#8220;for\u00e7a-tarefa permanente&#8221; para acelerar as nomea\u00e7\u00f5es de indicados por aliados nos minist\u00e9rios. A medida \u00e9 resultado de uma\u00a0<a href=\"https:\/\/agenciabrasil.ebc.com.br\/politica\/noticia\/2023-06\/lula-pede-agilidade-na-nomeacao-de-aliados-do-governo\" target=\"_blank\" rel=\"noopener\">cobran\u00e7a do presidente Luiz In\u00e1cio Lula da Silva<\/a>\u00a0por mais agilidade na nomea\u00e7\u00e3o de cargos dos aliados do governo.<img decoding=\"async\" src=\"https:\/\/agenciabrasil.ebc.com.br\/ebc.png?id=1538633&amp;o=node\" \/><img decoding=\"async\" src=\"https:\/\/agenciabrasil.ebc.com.br\/ebc.gif?id=1538633&amp;o=node\" \/><\/p>\n<p>&#8220;Quero anunciar primeiro uma decis\u00e3o da reuni\u00e3o ministerial de ontem [quinta-feira] do presidente Lula. A partir desta reuni\u00e3o, n\u00f3s constitu\u00edmos uma for\u00e7a-tarefa permanente junto aos minist\u00e9rios, decis\u00e3o do presidente Lula, para acelerar a an\u00e1lise t\u00e9cnica pelos minist\u00e9rios para composi\u00e7\u00e3o do governo. N\u00f3s mostramos que h\u00e1 cerca de 403 curr\u00edculos apresentados por parlamentares e segmentos sociais, que est\u00e3o em an\u00e1lise nos minist\u00e9rios&#8221;, disse durante evento do Minist\u00e9rio da Defesa, pelo Dia da Marinha.<\/p>\n<p>Segundo o ministro, algumas das nomea\u00e7\u00f5es aguardam encaminhamento h\u00e1 60 dias. &#8220;N\u00f3s j\u00e1 v\u00ednhamos cobrando quase que diariamente e, em uma decis\u00e3o da reuni\u00e3o de ontem, vamos fazer uma for\u00e7a-tarefa permanente, coordenada pela SRI [Secretaria de Rela\u00e7\u00f5es Institucionais], a partir da fala do presidente Lula, para que se acelere o mais r\u00e1pido poss\u00edvel pelos minist\u00e9rios essa composi\u00e7\u00e3o&#8221;, disse Padilha.<\/p>\n<p>&#8220;Al\u00e9m disso, tomamos uma decis\u00e3o anunciada na reuni\u00e3o de ontem, que semanalmente ministros e assessores v\u00e3o passar um mapa dos parlamentares atendidos nos minist\u00e9rios, seja pelos ministros, pelos secret\u00e1rios nacionais, pelas suas equipes. Semanalmente, a SRI [Secretaria de Rela\u00e7\u00f5es Institucionais] vai entregar esse mapa aos l\u00edderes do governo na C\u00e2mara, no Senado, no Congresso, para que possam repassar isso para os l\u00edderes partid\u00e1rios e possa fazer mapeamento permanente. Esse \u00e9 um governo que est\u00e1 aberto \u00e0 interlocu\u00e7\u00e3o com o Congresso Nacional&#8221;.<\/p>\n<h2>CPMI<\/h2>\n<p>O ministro destacou ainda o in\u00edcio da s\u00e9rie de oitivas, na pr\u00f3xima semana, da Comiss\u00e3o Parlamentar Mista de Inqu\u00e9rito (CPMI) que investiga os atos antidemocr\u00e1ticos de 8 de janeiro. Na ter\u00e7a-feira (20), \u00e0s 9h, est\u00e1 marcado o depoimento do ex-diretor-geral da Pol\u00edcia Rodovi\u00e1ria Federal (PRF) Silvinei Vasques.<\/p>\n<p>&#8220;Come\u00e7am, na pr\u00f3xima semana, sess\u00f5es muito importantes na CPMI, de depoimentos, convoca\u00e7\u00f5es de pessoas que estavam desde o come\u00e7o na programa\u00e7\u00e3o dos atos terroristas do dia 8 de janeiro&#8221;, disse. &#8220;A cada dia fica mais expl\u00edcito que existia, no governo Bolsonaro, uma organiza\u00e7\u00e3o criminosa que, desde o dia da elei\u00e7\u00e3o, estava planejando, preparando os atos terroristas do dia 8 de janeiro&#8221;, completou.<\/p>\n<p>Ao todo, a CPMI aprovou a convoca\u00e7\u00e3o de 36 pessoas, diversos integrantes do governo do ex-presidente Jair Bolsonaro, como o ex-ministro da Justi\u00e7a e ex-secret\u00e1rio de Seguran\u00e7a P\u00fablica do Distrito Federal Anderson Torres; o tenente-coronel Mauro Cid, ajudantes de ordens do ex-presidente; o ex-ministro do Gabinete de Seguran\u00e7a Institucional (GSI) Augusto Heleno e o ex-ministro da Defesa Braga Netto.<\/p>\n<p>&#8220;Qualquer servidor federal, civil ou militar, que for provado envolvimento na prepara\u00e7\u00e3o, no planejamento, dos atos do dia 8 de janeiro, t\u00eam que ser punidos e afastados de qualquer espa\u00e7o de dire\u00e7\u00e3o&#8221;, ressaltou.<\/p>\n<p>&#8220;J\u00e1 temos mais de R$ 20 milh\u00f5es bloqueados pela AGU [Advocacia-Geral da Uni\u00e3o] de financiadores dos atos terroristas e temos cada vez mais a identifica\u00e7\u00e3o de pessoas que faziam parte dessa organiza\u00e7\u00e3o criminosa, que desde o governo Bolsonaro, com o resultado das elei\u00e7\u00f5es, planejou os atos terroristas&#8221;, disse.<\/p>\n<p><span style=\"font-weight: 400;\">Fonte: Ag\u00eancia Brasil <\/span><\/p>\n","protected":false},"excerpt":{"rendered":"<p>O ministro das Rela\u00e7\u00f5es Institucionais, Alexandre Padilha, anunciou nesta sexta-feira (16) uma &#8220;for\u00e7a-tarefa permanente&#8221; para acelerar as nomea\u00e7\u00f5es de indicados por aliados nos minist\u00e9rios. A medida \u00e9 resultado de uma\u00a0cobran\u00e7a do presidente Luiz In\u00e1cio Lula da Silva\u00a0por mais agilidade na nomea\u00e7\u00e3o de cargos dos aliados do governo. &#8220;Quero anunciar primeiro uma decis\u00e3o da reuni\u00e3o ministerial [&hellip;]<\/p>\n","protected":false},"author":246,"featured_media":214963,"comment_status":"closed","ping_status":"closed","sticky":false,"template":"","format":"standard","meta":{"footnotes":""},"categories":[436,254,439],"tags":[],"class_list":["post-214962","post","type-post","status-publish","format-standard","has-post-thumbnail","hentry","category-destaque-da-semana","category-politica","category-ultima-hora"],"_links":{"self":[{"href":"https:\/\/diarioregionaldigital.com.br\/index.php?rest_route=\/wp\/v2\/posts\/214962","targetHints":{"allow":["GET"]}}],"collection":[{"href":"https:\/\/diarioregionaldigital.com.br\/index.php?rest_route=\/wp\/v2\/posts"}],"about":[{"href":"https:\/\/diarioregionaldigital.com.br\/index.php?rest_route=\/wp\/v2\/types\/post"}],"author":[{"embeddable":true,"href":"https:\/\/diarioregionaldigital.com.br\/index.php?rest_route=\/wp\/v2\/users\/246"}],"replies":[{"embeddable":true,"href":"https:\/\/diarioregionaldigital.com.br\/index.php?rest_route=%2Fwp%2Fv2%2Fcomments&post=214962"}],"version-history":[{"count":1,"href":"https:\/\/diarioregionaldigital.com.br\/index.php?rest_route=\/wp\/v2\/posts\/214962\/revisions"}],"predecessor-version":[{"id":214964,"href":"https:\/\/diarioregionaldigital.com.br\/index.php?rest_route=\/wp\/v2\/posts\/214962\/revisions\/214964"}],"wp:featuredmedia":[{"embeddable":true,"href":"https:\/\/diarioregionaldigital.com.br\/index.php?rest_route=\/wp\/v2\/media\/214963"}],"wp:attachment":[{"href":"https:\/\/diarioregionaldigital.com.br\/index.php?rest_route=%2Fwp%2Fv2%2Fmedia&parent=214962"}],"wp:term":[{"taxonomy":"category","embeddable":true,"href":"https:\/\/diarioregionaldigital.com.br\/index.php?rest_route=%2Fwp%2Fv2%2Fcategories&post=214962"},{"taxonomy":"post_tag","embeddable":true,"href":"https:\/\/diarioregionaldigital.com.br\/index.php?rest_route=%2Fwp%2Fv2%2Ftags&post=214962"}],"curies":[{"name":"wp","href":"https:\/\/api.w.org\/{rel}","templated":true}]}}