{"id":214959,"date":"2023-06-16T19:15:53","date_gmt":"2023-06-16T22:15:53","guid":{"rendered":"https:\/\/diarioregionaldigital.com.br\/?p=214959"},"modified":"2023-06-16T19:15:53","modified_gmt":"2023-06-16T22:15:53","slug":"moraes-determina-depoimento-de-bolsonaro-a-policia-federal","status":"publish","type":"post","link":"https:\/\/diarioregionaldigital.com.br\/?p=214959","title":{"rendered":"Moraes determina depoimento de Bolsonaro \u00e0 Pol\u00edcia Federal"},"content":{"rendered":"<div class=\"post-item-wrap\">\n<p>O ministro Alexandre de Moraes, do Supremo Tribunal Federal (STF), determinou que o ex-presidente Jair Bolsonaro preste depoimento \u00e0 Pol\u00edcia Federal (PF). O ex-deputado Daniel Silveira tamb\u00e9m dever\u00e1 ser ouvido. A data ser\u00e1 marcada pela corpora\u00e7\u00e3o.\u00a0<img decoding=\"async\" src=\"https:\/\/agenciabrasil.ebc.com.br\/ebc.png?id=1538632&amp;o=node\" \/><img decoding=\"async\" src=\"https:\/\/agenciabrasil.ebc.com.br\/ebc.gif?id=1538632&amp;o=node\" \/><\/p>\n<p>A oitiva ser\u00e1 realizada no \u00e2mbito dos desdobramentos da investiga\u00e7\u00e3o que apura a reuni\u00e3o entre Bolsonaro e o senador Marcos do Val (Podemos-ES) sobre supostas tratativas de um golpe de Estado.<\/p>\n<p>Ontem (16), o senador foi alvo de mandados de busca e apreens\u00e3o no \u00e2mbito da investiga\u00e7\u00e3o. Por determina\u00e7\u00e3o de Moraes, agentes da Pol\u00edcia Federal (PF) estiveram no gabinete do parlamentar no Senado e nos endere\u00e7os dele em Vit\u00f3ria.<\/p>\n<p>Em fevereiro, Moraes determinou abertura de investiga\u00e7\u00e3o para apurar as declara\u00e7\u00f5es do senador de que teria recebido uma proposta para participar de um golpe.<\/p>\n<p>A investiga\u00e7\u00e3o foi aberta ap\u00f3s o senador declarar que a reuni\u00e3o com Bolsonaro e Silveira tinha como objetivo induzir o ministro Moraes a \u201dreconhecer\u201d que ultrapassou as quatro linhas da Constitui\u00e7\u00e3o com o ex-presidente da Rep\u00fablica.<\/p>\n<p>Ap\u00f3s a realiza\u00e7\u00e3o das buscas, Marcos do Val declarou que as medidas foram tomadas ap\u00f3s ter pedido a convoca\u00e7\u00e3o de Moraes para depor na CPI dos Atos Golpistas no Congresso.<\/p>\n<\/div>\n<p class=\"alt-font font-italic my-2 small text-info\"><span style=\"font-weight: 400;\"><br \/>\n<\/span><span style=\"font-weight: 400;\">Fonte: Ag\u00eancia Brasil <\/span><\/p>\n","protected":false},"excerpt":{"rendered":"<p>O ministro Alexandre de Moraes, do Supremo Tribunal Federal (STF), determinou que o ex-presidente Jair Bolsonaro preste depoimento \u00e0 Pol\u00edcia Federal (PF). O ex-deputado Daniel Silveira tamb\u00e9m dever\u00e1 ser ouvido. A data ser\u00e1 marcada pela corpora\u00e7\u00e3o.\u00a0 A oitiva ser\u00e1 realizada no \u00e2mbito dos desdobramentos da investiga\u00e7\u00e3o que apura a reuni\u00e3o entre Bolsonaro e o senador [&hellip;]<\/p>\n","protected":false},"author":246,"featured_media":214960,"comment_status":"closed","ping_status":"closed","sticky":false,"template":"","format":"standard","meta":{"footnotes":""},"categories":[436,254,439],"tags":[],"class_list":["post-214959","post","type-post","status-publish","format-standard","has-post-thumbnail","hentry","category-destaque-da-semana","category-politica","category-ultima-hora"],"_links":{"self":[{"href":"https:\/\/diarioregionaldigital.com.br\/index.php?rest_route=\/wp\/v2\/posts\/214959","targetHints":{"allow":["GET"]}}],"collection":[{"href":"https:\/\/diarioregionaldigital.com.br\/index.php?rest_route=\/wp\/v2\/posts"}],"about":[{"href":"https:\/\/diarioregionaldigital.com.br\/index.php?rest_route=\/wp\/v2\/types\/post"}],"author":[{"embeddable":true,"href":"https:\/\/diarioregionaldigital.com.br\/index.php?rest_route=\/wp\/v2\/users\/246"}],"replies":[{"embeddable":true,"href":"https:\/\/diarioregionaldigital.com.br\/index.php?rest_route=%2Fwp%2Fv2%2Fcomments&post=214959"}],"version-history":[{"count":1,"href":"https:\/\/diarioregionaldigital.com.br\/index.php?rest_route=\/wp\/v2\/posts\/214959\/revisions"}],"predecessor-version":[{"id":214961,"href":"https:\/\/diarioregionaldigital.com.br\/index.php?rest_route=\/wp\/v2\/posts\/214959\/revisions\/214961"}],"wp:featuredmedia":[{"embeddable":true,"href":"https:\/\/diarioregionaldigital.com.br\/index.php?rest_route=\/wp\/v2\/media\/214960"}],"wp:attachment":[{"href":"https:\/\/diarioregionaldigital.com.br\/index.php?rest_route=%2Fwp%2Fv2%2Fmedia&parent=214959"}],"wp:term":[{"taxonomy":"category","embeddable":true,"href":"https:\/\/diarioregionaldigital.com.br\/index.php?rest_route=%2Fwp%2Fv2%2Fcategories&post=214959"},{"taxonomy":"post_tag","embeddable":true,"href":"https:\/\/diarioregionaldigital.com.br\/index.php?rest_route=%2Fwp%2Fv2%2Ftags&post=214959"}],"curies":[{"name":"wp","href":"https:\/\/api.w.org\/{rel}","templated":true}]}}