{"id":214953,"date":"2023-06-16T19:03:58","date_gmt":"2023-06-16T22:03:58","guid":{"rendered":"https:\/\/diarioregionaldigital.com.br\/?p=214953"},"modified":"2023-06-16T19:03:58","modified_gmt":"2023-06-16T22:03:58","slug":"atividade-economica-tem-alta-de-056-em-abril-informa-bc","status":"publish","type":"post","link":"https:\/\/diarioregionaldigital.com.br\/?p=214953","title":{"rendered":"Atividade econ\u00f4mica tem alta de 0,56% em abril, informa BC"},"content":{"rendered":"<p>A atividade econ\u00f4mica brasileira teve uma eleva\u00e7\u00e3o em abril deste ano, segundo informa\u00e7\u00f5es divulgadas nesta sexta-feira (16) pelo Banco Central (BC). O \u00cdndice de Atividade Econ\u00f4mica do Banco Central (IBC-Br) apresentou crescimento de 0,56% em abril em rela\u00e7\u00e3o ao m\u00eas anterior, de acordo com dados dessazonalizados (ajustados para o per\u00edodo).\u00a0<img decoding=\"async\" src=\"https:\/\/agenciabrasil.ebc.com.br\/ebc.png?id=1538586&amp;o=node\" \/><img decoding=\"async\" src=\"https:\/\/agenciabrasil.ebc.com.br\/ebc.gif?id=1538586&amp;o=node\" \/><\/p>\n<p>Em abril, o IBC-Br atingiu 148,33 pontos. Na compara\u00e7\u00e3o com o mesmo m\u00eas de 2022, houve crescimento de 3,31% (sem ajuste para o per\u00edodo, j\u00e1 que a compara\u00e7\u00e3o \u00e9 entre meses iguais). No acumulado em 12 meses, o indicador tamb\u00e9m ficou positivo em 3,43%.<\/p>\n<p>A alta em abril ocorre ap\u00f3s a retra\u00e7\u00e3o registrada em mar\u00e7o, antecedida por uma estabilidade em janeiro e crescimento em fevereiro.<\/p>\n<p>O IBC-Br \u00e9 uma forma de avaliar a evolu\u00e7\u00e3o da atividade econ\u00f4mica do pa\u00eds e ajuda o BC a tomar decis\u00f5es sobre a taxa b\u00e1sica de juros, a Selic, definida atualmente em 13,75% ao ano. O \u00edndice incorpora informa\u00e7\u00f5es sobre o n\u00edvel de atividade de setores da economia \u2013 ind\u00fastria, com\u00e9rcio e servi\u00e7os e agropecu\u00e1ria \u2013, al\u00e9m do volume de impostos.<\/p>\n<p>A Selic est\u00e1 em 13,75% desde agosto do ano passado e \u00e9 o maior n\u00edvel desde janeiro de 2017, quando tamb\u00e9m estava nesse patamar. Ela \u00e9 o principal instrumento usada pelo BC para alcan\u00e7ar a meta de infla\u00e7\u00e3o, porque a taxa causa reflexos nos pre\u00e7os, j\u00e1 que juros mais altos encarecem o cr\u00e9dito e estimulam a poupan\u00e7a, evitando a demanda aquecida.<\/p>\n<p>Em mar\u00e7o de 2021, o BC iniciou um ciclo de aperto monet\u00e1rio, em meio \u00e0 alta dos pre\u00e7os de alimentos, de energia e de combust\u00edveis. Entretanto, o\u00a0<a href=\"https:\/\/agenciabrasil.ebc.com.br\/politica\/noticia\/2023-06\/varejistas-vao-ao-planalto-e-tratam-de-juros-credito-e-concorrencia\" target=\"_blank\" rel=\"noopener\">n\u00edvel da Selic<\/a>\u00a0vem sedo criticada pelo governo federal, que cobra uma redu\u00e7\u00e3o para impulsionar o crescimento da economia.<\/p>\n<p>Na pr\u00f3xima semana, nos dias 20 e 21, o Comit\u00ea de Pol\u00edtica Monet\u00e1ria do BC faz a quarta reuni\u00e3o do ano para definir a taxa b\u00e1sica de juros.<\/p>\n<h2>PIB<\/h2>\n<p>O indicador oficial da economia brasileira \u00e9 o Produto Interno Bruto (PIB), calculado pelo Instituto Brasileiro de Geografia e Estat\u00edstica (IBGE). Com resultado trimestral, o PIB do primeiro trimestre de 2023 ser\u00e1 divulgado em 1\u00ba de junho. O PIB \u00e9 a soma de todos os bens e servi\u00e7os finais produzidos por um pa\u00eds.<\/p>\n<p>Em 2022, o PIB do Brasil cresceu 2,9%, totalizando R$ 9,9 trilh\u00f5es.<\/p>\n<p><span style=\"font-weight: 400;\">Fonte: Ag\u00eancia Brasil <\/span><\/p>\n","protected":false},"excerpt":{"rendered":"<p>A atividade econ\u00f4mica brasileira teve uma eleva\u00e7\u00e3o em abril deste ano, segundo informa\u00e7\u00f5es divulgadas nesta sexta-feira (16) pelo Banco Central (BC). O \u00cdndice de Atividade Econ\u00f4mica do Banco Central (IBC-Br) apresentou crescimento de 0,56% em abril em rela\u00e7\u00e3o ao m\u00eas anterior, de acordo com dados dessazonalizados (ajustados para o per\u00edodo).\u00a0 Em abril, o IBC-Br atingiu [&hellip;]<\/p>\n","protected":false},"author":246,"featured_media":214954,"comment_status":"closed","ping_status":"closed","sticky":false,"template":"","format":"standard","meta":{"footnotes":""},"categories":[436,261,439],"tags":[],"class_list":["post-214953","post","type-post","status-publish","format-standard","has-post-thumbnail","hentry","category-destaque-da-semana","category-economia","category-ultima-hora"],"_links":{"self":[{"href":"https:\/\/diarioregionaldigital.com.br\/index.php?rest_route=\/wp\/v2\/posts\/214953","targetHints":{"allow":["GET"]}}],"collection":[{"href":"https:\/\/diarioregionaldigital.com.br\/index.php?rest_route=\/wp\/v2\/posts"}],"about":[{"href":"https:\/\/diarioregionaldigital.com.br\/index.php?rest_route=\/wp\/v2\/types\/post"}],"author":[{"embeddable":true,"href":"https:\/\/diarioregionaldigital.com.br\/index.php?rest_route=\/wp\/v2\/users\/246"}],"replies":[{"embeddable":true,"href":"https:\/\/diarioregionaldigital.com.br\/index.php?rest_route=%2Fwp%2Fv2%2Fcomments&post=214953"}],"version-history":[{"count":1,"href":"https:\/\/diarioregionaldigital.com.br\/index.php?rest_route=\/wp\/v2\/posts\/214953\/revisions"}],"predecessor-version":[{"id":214955,"href":"https:\/\/diarioregionaldigital.com.br\/index.php?rest_route=\/wp\/v2\/posts\/214953\/revisions\/214955"}],"wp:featuredmedia":[{"embeddable":true,"href":"https:\/\/diarioregionaldigital.com.br\/index.php?rest_route=\/wp\/v2\/media\/214954"}],"wp:attachment":[{"href":"https:\/\/diarioregionaldigital.com.br\/index.php?rest_route=%2Fwp%2Fv2%2Fmedia&parent=214953"}],"wp:term":[{"taxonomy":"category","embeddable":true,"href":"https:\/\/diarioregionaldigital.com.br\/index.php?rest_route=%2Fwp%2Fv2%2Fcategories&post=214953"},{"taxonomy":"post_tag","embeddable":true,"href":"https:\/\/diarioregionaldigital.com.br\/index.php?rest_route=%2Fwp%2Fv2%2Ftags&post=214953"}],"curies":[{"name":"wp","href":"https:\/\/api.w.org\/{rel}","templated":true}]}}