{"id":214950,"date":"2023-06-16T19:02:04","date_gmt":"2023-06-16T22:02:04","guid":{"rendered":"https:\/\/diarioregionaldigital.com.br\/?p=214950"},"modified":"2023-06-16T19:02:04","modified_gmt":"2023-06-16T22:02:04","slug":"consulta-para-concessoes-do-setor-eletrico-comeca-na-proxima-semana","status":"publish","type":"post","link":"https:\/\/diarioregionaldigital.com.br\/?p=214950","title":{"rendered":"Consulta para concess\u00f5es do setor el\u00e9trico come\u00e7a na pr\u00f3xima semana"},"content":{"rendered":"<p>A consulta p\u00fablica para a renova\u00e7\u00e3o das concess\u00f5es do setor el\u00e9trico ser\u00e1 lan\u00e7ada na pr\u00f3xima semana, segundo informa\u00e7\u00e3o divulgada nesta sexta-feira (16) pelo ministro de Minas e Energia, Alexandre Silveira. O an\u00fancio foi feito durante Semin\u00e1rio Esfera RJ, na cidade do Rio de Janeiro.<img decoding=\"async\" src=\"https:\/\/agenciabrasil.ebc.com.br\/ebc.png?id=1538600&amp;o=node\" \/><img decoding=\"async\" src=\"https:\/\/agenciabrasil.ebc.com.br\/ebc.gif?id=1538600&amp;o=node\" \/><\/p>\n<p>Silveira explicou que a consulta est\u00e1 sendo discutida com o Tribunal de Contas da Uni\u00e3o (TCU).<\/p>\n<p>As primeiras concess\u00f5es de distribui\u00e7\u00e3o de energia el\u00e9trica a vencer est\u00e3o previstas para os anos de 2025 (EDP, no Esp\u00edrito Santo) e de 2026 (Light e Enel, ambas no Rio de Janeiro). At\u00e9 l\u00e1, o governo precisa decidir se elas ser\u00e3o renovadas ou se esses servi\u00e7os ser\u00e3o relicitados.<\/p>\n<p>Segundo o ministro, ser\u00e1 preciso avaliar, entre outros pontos, a especificidade de cada \u00e1rea concedida. Ele citou como exemplo a Light, que distribui eletricidade para mais de 30 munic\u00edpios fluminenses e que enfrenta um grave problema de furto de energia.<\/p>\n<p>\u201cN\u00f3s vamos lan\u00e7ar essas regras, mas n\u00e3o vamos poder tratar os diferentes de forma igual. Vamos ter que ser muito cuidadosos, para que a gente fa\u00e7a um processo que venha assegurar tranquilidade aos consumidores do pa\u00eds. E \u00e9 evidente que temos que ser cuidadosos para n\u00e3o cometer injusti\u00e7as.\u201d<\/p>\n<p>Silveira disse que s\u00e3o necess\u00e1rias pol\u00edticas p\u00fablicas para combater as perdas t\u00e9cnicas que s\u00e3o acima da m\u00e9dia nacional. \u201c\u00c9 fundamental para que, seja com a Light, seja com qualquer outro, o Rio possa ter uma concess\u00e3o segura.\u201d<\/p>\n<h2>Reservat\u00f3rios<\/h2>\n<p>Durante o evento, o ministro afirmou tamb\u00e9m, que pela primeira vez nos \u00faltimos dez anos, o pa\u00eds inicia o per\u00edodo de seca com os reservat\u00f3rios das hidrel\u00e9tricas preenchidos com 86% da capacidade.<\/p>\n<p>\u201cIsso sabemos que n\u00e3o \u00e9 suficiente para nos tranquilizar, por isso estamos debru\u00e7ados com toda nossa equipe, com o ONS [Operador Nacional do Sistema El\u00e9trico], com a Aneel [Ag\u00eancia Nacional de Energia El\u00e9trica] para que a gente tenha um despacho de energia muito seguro\u201d, destacou Silveira.<\/p>\n<p>Para o ministro, o grande desafio \u00e9 equilibrar tarifas de energia mais baratas para a popula\u00e7\u00e3o com a seguran\u00e7a energ\u00e9tica.<\/p>\n<p><span style=\"font-weight: 400;\">Fonte: Ag\u00eancia Brasil <\/span><\/p>\n","protected":false},"excerpt":{"rendered":"<p>A consulta p\u00fablica para a renova\u00e7\u00e3o das concess\u00f5es do setor el\u00e9trico ser\u00e1 lan\u00e7ada na pr\u00f3xima semana, segundo informa\u00e7\u00e3o divulgada nesta sexta-feira (16) pelo ministro de Minas e Energia, Alexandre Silveira. O an\u00fancio foi feito durante Semin\u00e1rio Esfera RJ, na cidade do Rio de Janeiro. Silveira explicou que a consulta est\u00e1 sendo discutida com o Tribunal [&hellip;]<\/p>\n","protected":false},"author":246,"featured_media":214951,"comment_status":"closed","ping_status":"closed","sticky":false,"template":"","format":"standard","meta":{"footnotes":""},"categories":[436,261,439],"tags":[],"class_list":["post-214950","post","type-post","status-publish","format-standard","has-post-thumbnail","hentry","category-destaque-da-semana","category-economia","category-ultima-hora"],"_links":{"self":[{"href":"https:\/\/diarioregionaldigital.com.br\/index.php?rest_route=\/wp\/v2\/posts\/214950","targetHints":{"allow":["GET"]}}],"collection":[{"href":"https:\/\/diarioregionaldigital.com.br\/index.php?rest_route=\/wp\/v2\/posts"}],"about":[{"href":"https:\/\/diarioregionaldigital.com.br\/index.php?rest_route=\/wp\/v2\/types\/post"}],"author":[{"embeddable":true,"href":"https:\/\/diarioregionaldigital.com.br\/index.php?rest_route=\/wp\/v2\/users\/246"}],"replies":[{"embeddable":true,"href":"https:\/\/diarioregionaldigital.com.br\/index.php?rest_route=%2Fwp%2Fv2%2Fcomments&post=214950"}],"version-history":[{"count":1,"href":"https:\/\/diarioregionaldigital.com.br\/index.php?rest_route=\/wp\/v2\/posts\/214950\/revisions"}],"predecessor-version":[{"id":214952,"href":"https:\/\/diarioregionaldigital.com.br\/index.php?rest_route=\/wp\/v2\/posts\/214950\/revisions\/214952"}],"wp:featuredmedia":[{"embeddable":true,"href":"https:\/\/diarioregionaldigital.com.br\/index.php?rest_route=\/wp\/v2\/media\/214951"}],"wp:attachment":[{"href":"https:\/\/diarioregionaldigital.com.br\/index.php?rest_route=%2Fwp%2Fv2%2Fmedia&parent=214950"}],"wp:term":[{"taxonomy":"category","embeddable":true,"href":"https:\/\/diarioregionaldigital.com.br\/index.php?rest_route=%2Fwp%2Fv2%2Fcategories&post=214950"},{"taxonomy":"post_tag","embeddable":true,"href":"https:\/\/diarioregionaldigital.com.br\/index.php?rest_route=%2Fwp%2Fv2%2Ftags&post=214950"}],"curies":[{"name":"wp","href":"https:\/\/api.w.org\/{rel}","templated":true}]}}