{"id":214947,"date":"2023-06-16T19:00:12","date_gmt":"2023-06-16T22:00:12","guid":{"rendered":"https:\/\/diarioregionaldigital.com.br\/?p=214947"},"modified":"2023-06-16T19:00:12","modified_gmt":"2023-06-16T22:00:12","slug":"minha-casa-minha-vida-comeca-a-fazer-contratacoes-de-novos-projetos","status":"publish","type":"post","link":"https:\/\/diarioregionaldigital.com.br\/?p=214947","title":{"rendered":"Minha Casa, Minha Vida come\u00e7a a fazer contrata\u00e7\u00f5es de novos projetos"},"content":{"rendered":"<p>O programa Minha Casa Minha Vida come\u00e7a a fazer contrata\u00e7\u00f5es para novos projetos de unidades habitacionais a partir desta sexta-feira (16). O an\u00fancio foi feito pelo ministro das Cidades, Jader Filho, em evento na cidade do Rio de Janeiro.\u00a0<img decoding=\"async\" src=\"https:\/\/agenciabrasil.ebc.com.br\/ebc.png?id=1538596&amp;o=node\" \/><img decoding=\"async\" src=\"https:\/\/agenciabrasil.ebc.com.br\/ebc.gif?id=1538596&amp;o=node\" \/><\/p>\n<p>Segundo o ministro, as primeiras portarias do programa foram assinadas na quinta-feira (15) e ser\u00e3o publicadas na tarde desta sexta, no\u00a0<em>Di\u00e1rio Oficial da Uni\u00e3o<\/em>. \u201cCom isso, os prefeitos, os empres\u00e1rios j\u00e1 podem come\u00e7ar a cadastrar seus projetos para que a gente possa come\u00e7ar a fazer as novas contrata\u00e7\u00f5es do Minha Casa Minha Vida\u201d, disse.<\/p>\n<p>Jader Filho explicou que, neste primeiro momento, s\u00f3 ser\u00e3o aceitos projetos contratados com recursos do Fundo de Arrendamento Residencial (FAR).<\/p>\n<p>\u201cNa semana que vem, a gente assina o do rural [destinado\u00a0a fam\u00edlias da zona rural] e, logo posterior a isso, o das entidades [voltada para fam\u00edlias organizadas de forma associativa]. Acredito que, at\u00e9 o final da semana que vem, todas as portarias estar\u00e3o assinadas\u201d.<\/p>\n<p>O ministro explicou ainda que,\u00a0das quase\u00a083 mil unidades que estavam paralisadas quando o atual governo assumiu, no in\u00edcio do ano, 15 mil j\u00e1 foram retomadas. A previs\u00e3o \u00e9 retomar outras 25 mil at\u00e9 o fim do ano.<\/p>\n<p><span style=\"font-weight: 400;\">Fonte: Ag\u00eancia Brasil <\/span><\/p>\n","protected":false},"excerpt":{"rendered":"<p>O programa Minha Casa Minha Vida come\u00e7a a fazer contrata\u00e7\u00f5es para novos projetos de unidades habitacionais a partir desta sexta-feira (16). O an\u00fancio foi feito pelo ministro das Cidades, Jader Filho, em evento na cidade do Rio de Janeiro.\u00a0 Segundo o ministro, as primeiras portarias do programa foram assinadas na quinta-feira (15) e ser\u00e3o publicadas [&hellip;]<\/p>\n","protected":false},"author":246,"featured_media":214948,"comment_status":"closed","ping_status":"closed","sticky":false,"template":"","format":"standard","meta":{"footnotes":""},"categories":[436,261,439],"tags":[],"class_list":["post-214947","post","type-post","status-publish","format-standard","has-post-thumbnail","hentry","category-destaque-da-semana","category-economia","category-ultima-hora"],"_links":{"self":[{"href":"https:\/\/diarioregionaldigital.com.br\/index.php?rest_route=\/wp\/v2\/posts\/214947","targetHints":{"allow":["GET"]}}],"collection":[{"href":"https:\/\/diarioregionaldigital.com.br\/index.php?rest_route=\/wp\/v2\/posts"}],"about":[{"href":"https:\/\/diarioregionaldigital.com.br\/index.php?rest_route=\/wp\/v2\/types\/post"}],"author":[{"embeddable":true,"href":"https:\/\/diarioregionaldigital.com.br\/index.php?rest_route=\/wp\/v2\/users\/246"}],"replies":[{"embeddable":true,"href":"https:\/\/diarioregionaldigital.com.br\/index.php?rest_route=%2Fwp%2Fv2%2Fcomments&post=214947"}],"version-history":[{"count":1,"href":"https:\/\/diarioregionaldigital.com.br\/index.php?rest_route=\/wp\/v2\/posts\/214947\/revisions"}],"predecessor-version":[{"id":214949,"href":"https:\/\/diarioregionaldigital.com.br\/index.php?rest_route=\/wp\/v2\/posts\/214947\/revisions\/214949"}],"wp:featuredmedia":[{"embeddable":true,"href":"https:\/\/diarioregionaldigital.com.br\/index.php?rest_route=\/wp\/v2\/media\/214948"}],"wp:attachment":[{"href":"https:\/\/diarioregionaldigital.com.br\/index.php?rest_route=%2Fwp%2Fv2%2Fmedia&parent=214947"}],"wp:term":[{"taxonomy":"category","embeddable":true,"href":"https:\/\/diarioregionaldigital.com.br\/index.php?rest_route=%2Fwp%2Fv2%2Fcategories&post=214947"},{"taxonomy":"post_tag","embeddable":true,"href":"https:\/\/diarioregionaldigital.com.br\/index.php?rest_route=%2Fwp%2Fv2%2Ftags&post=214947"}],"curies":[{"name":"wp","href":"https:\/\/api.w.org\/{rel}","templated":true}]}}