{"id":214936,"date":"2023-06-15T20:24:26","date_gmt":"2023-06-15T23:24:26","guid":{"rendered":"https:\/\/diarioregionaldigital.com.br\/?p=214936"},"modified":"2023-06-15T20:24:26","modified_gmt":"2023-06-15T23:24:26","slug":"pjf-abre-exposicao-fotografica-sobre-o-desenvolvimento-de-juiz-de-fora-no-espaco-cidade","status":"publish","type":"post","link":"https:\/\/diarioregionaldigital.com.br\/?p=214936","title":{"rendered":"PJF abre Exposi\u00e7\u00e3o Fotogr\u00e1fica sobre o desenvolvimento de Juiz de Fora no Espa\u00e7o Cidade"},"content":{"rendered":"<p>Segundo informa\u00e7\u00f5es do site da Prefeitura de Juiz de Fora (PJF), come\u00e7a nesta quinta-feira, 15, no Espa\u00e7o Cidade, uma exposi\u00e7\u00e3o fotogr\u00e1fica sobre o desenvolvimento local e econ\u00f4mico de Juiz de Fora. \u201cTurvas e l\u00edmpidas: nas \u00e1guas da hist\u00f3ria de JF\u201d \u00e9 o nome da mostra faz parte das celebra\u00e7\u00f5es em comemora\u00e7\u00e3o aos 173 anos da cidade. A abertura ser\u00e1 \u00e0s 19h, com a exposi\u00e7\u00e3o durando at\u00e9 o dia 30 deste m\u00eas. A organiza\u00e7\u00e3o \u00e9 da Prefeitura de Juiz de Fora (PJF), por meio da Funda\u00e7\u00e3o Cultural Alfredo Ferreira Lage (Funalfa) e Secretarias de Turismo (Setur).<\/p>\n<p>A exposi\u00e7\u00e3o com 77 fotos coloridas e em preto e branco afixadas em banners formando um t\u00fanel, simulam a trilha ind\u00edgena dos Puris que deu origem a Juiz de Fora. Tamb\u00e9m haver\u00e1 fotos do Rio Paraibuna em diversos momentos hist\u00f3ricos, representando as \u00e1guas turvas que deram origem a Santo Ant\u00f4nio do Paraibuna, antiga denomina\u00e7\u00e3o de Juiz de Fora.<\/p>\n<p>A mostra conta ainda com a apresenta\u00e7\u00e3o de um pequeno hist\u00f3rico das adutoras que abastecem a cidade, tendo como destaque a Quarta Adutora,\u00a0<a href=\"https:\/\/www.pjf.mg.gov.br\/noticias\/view.php?modo=link2&amp;idnoticia2=80054\"><strong>inaugurada no \u00faltimo dia 13<\/strong><\/a>, com objetivo de garantir \u00e1gua para os juiz-foranos por mais de 70 anos. Na \u00faltima parte da mostra haver\u00e1 uma televis\u00e3o exibindo trechos produzidos pela Carri\u00e7o Filmes referentes aos pontos abordados na exposi\u00e7\u00e3o. Junto a cada bloco de imagens ser\u00e1 disponibilizado um texto descritivo, tamb\u00e9m acess\u00edvel em \u00e1udio por sistema de QR Code.<\/p>\n<p>A exposi\u00e7\u00e3o tem a curadoria do supervisor de Mem\u00f3ria, Eduardo Faria, e da assessora de Recursos Compartilhados, Yara Rosario, ambos da Funalfa, al\u00e9m da historiadora Edylane Eiterer.\u00a0 O Espa\u00e7o Cidade funciona de ter\u00e7a-feira a sexta-feira de 10h \u00e0s 18h e aos s\u00e1bados, domingos e feriados de 10h \u00e0s 14h, per\u00edodo em que a exposi\u00e7\u00e3o estar\u00e1 aberta \u00e0 visita\u00e7\u00e3o p\u00fablica. O Espa\u00e7o Cidade fica na Avenida Rio Branco 2.234, na esquina com o Parque Halfeld.<\/p>\n","protected":false},"excerpt":{"rendered":"<p>Segundo informa\u00e7\u00f5es do site da Prefeitura de Juiz de Fora (PJF), come\u00e7a nesta quinta-feira, 15, no Espa\u00e7o Cidade, uma exposi\u00e7\u00e3o fotogr\u00e1fica sobre o desenvolvimento local e econ\u00f4mico de Juiz de Fora. \u201cTurvas e l\u00edmpidas: nas \u00e1guas da hist\u00f3ria de JF\u201d \u00e9 o nome da mostra faz parte das celebra\u00e7\u00f5es em comemora\u00e7\u00e3o aos 173 anos da [&hellip;]<\/p>\n","protected":false},"author":246,"featured_media":214937,"comment_status":"closed","ping_status":"closed","sticky":false,"template":"","format":"standard","meta":{"footnotes":""},"categories":[253,436,439],"tags":[],"class_list":["post-214936","post","type-post","status-publish","format-standard","has-post-thumbnail","hentry","category-cidade","category-destaque-da-semana","category-ultima-hora"],"_links":{"self":[{"href":"https:\/\/diarioregionaldigital.com.br\/index.php?rest_route=\/wp\/v2\/posts\/214936","targetHints":{"allow":["GET"]}}],"collection":[{"href":"https:\/\/diarioregionaldigital.com.br\/index.php?rest_route=\/wp\/v2\/posts"}],"about":[{"href":"https:\/\/diarioregionaldigital.com.br\/index.php?rest_route=\/wp\/v2\/types\/post"}],"author":[{"embeddable":true,"href":"https:\/\/diarioregionaldigital.com.br\/index.php?rest_route=\/wp\/v2\/users\/246"}],"replies":[{"embeddable":true,"href":"https:\/\/diarioregionaldigital.com.br\/index.php?rest_route=%2Fwp%2Fv2%2Fcomments&post=214936"}],"version-history":[{"count":1,"href":"https:\/\/diarioregionaldigital.com.br\/index.php?rest_route=\/wp\/v2\/posts\/214936\/revisions"}],"predecessor-version":[{"id":214938,"href":"https:\/\/diarioregionaldigital.com.br\/index.php?rest_route=\/wp\/v2\/posts\/214936\/revisions\/214938"}],"wp:featuredmedia":[{"embeddable":true,"href":"https:\/\/diarioregionaldigital.com.br\/index.php?rest_route=\/wp\/v2\/media\/214937"}],"wp:attachment":[{"href":"https:\/\/diarioregionaldigital.com.br\/index.php?rest_route=%2Fwp%2Fv2%2Fmedia&parent=214936"}],"wp:term":[{"taxonomy":"category","embeddable":true,"href":"https:\/\/diarioregionaldigital.com.br\/index.php?rest_route=%2Fwp%2Fv2%2Fcategories&post=214936"},{"taxonomy":"post_tag","embeddable":true,"href":"https:\/\/diarioregionaldigital.com.br\/index.php?rest_route=%2Fwp%2Fv2%2Ftags&post=214936"}],"curies":[{"name":"wp","href":"https:\/\/api.w.org\/{rel}","templated":true}]}}