{"id":214933,"date":"2023-06-15T20:22:45","date_gmt":"2023-06-15T23:22:45","guid":{"rendered":"https:\/\/diarioregionaldigital.com.br\/?p=214933"},"modified":"2023-06-15T20:22:45","modified_gmt":"2023-06-15T23:22:45","slug":"praca-ceu-recebe-acao-do-servico-de-abordagem-social-neste-sabado-17","status":"publish","type":"post","link":"https:\/\/diarioregionaldigital.com.br\/?p=214933","title":{"rendered":"Pra\u00e7a CEU recebe a\u00e7\u00e3o do servi\u00e7o de abordagem social neste s\u00e1bado, 17"},"content":{"rendered":"<p>Segundo informa\u00e7\u00f5es do site da Prefeitura de Juiz de Fora (PJF), o Servi\u00e7o Especializado em Abordagem Social (Seas) da Secretaria de Assist\u00eancia Social (SAS) da Prefeitura de Juiz de Fora (PJF), em parceria com a Casa da Mulher, vinculada a Secretaria Especial de Direitos Humanos (SEDH), ir\u00e1 promover neste s\u00e1bado, 17, das 15h \u00e0s 17h, uma a\u00e7\u00e3o socioeducativa na Pra\u00e7a CEU, em Benfica.<\/p>\n<div id=\"box_texto_noticia\">\n<p>A iniciativa tem o objetivo de informar, sensibilizar e conscientizar as pessoas em situa\u00e7\u00e3o de rua e popula\u00e7\u00e3o em geral sobre o combate a viol\u00eancia contra a mulher. Ser\u00e3o tiradas d\u00favidas sobre os tipos de viol\u00eancia que s\u00e3o praticados contra a mulher, divulgar a Lei Maria da Penha e as atuais estrat\u00e9gias utilizadas para se denunciar as viol\u00eancias. Tamb\u00e9m ocorrer\u00e1 distribui\u00e7\u00e3o de panfletos com a divulga\u00e7\u00e3o dos espa\u00e7os e telefones onde \u00e9 poss\u00edvel solicitar ajuda.<\/p>\n<p>Participam da a\u00e7\u00e3o profissionais que atuam na Casa da Mulher, equipe t\u00e9cnica e educadores sociais do Servi\u00e7o Especializado em Abordagem Social.<\/p>\n<p>A abordagem social \u00e9 uma unidade de refer\u00eancia da Prote\u00e7\u00e3o Social Especial de M\u00e9dia Complexidade, com papel importante no alcance dos objetivos da Pol\u00edtica Nacional para a Popula\u00e7\u00e3o em Situa\u00e7\u00e3o de Rua. \u00c9 um processo de trabalho planejado de aproxima\u00e7\u00e3o, escuta qualificada e constru\u00e7\u00e3o de v\u00ednculo de confian\u00e7a com pessoas e fam\u00edlias em situa\u00e7\u00e3o de risco pessoal e social nos espa\u00e7os p\u00fablicos para atender, acompanhar e mediar acesso \u00e0 rede e prote\u00e7\u00e3o social.<\/p>\n<p>O trabalho com a popula\u00e7\u00e3o em situa\u00e7\u00e3o de rua tem como pressuposto o desenvolvimento de autonomia, autopromo\u00e7\u00e3o dos cuidados pessoais, valoriza\u00e7\u00e3o da vida, constru\u00e7\u00e3o de projeto de sa\u00eddas das ruas, demandas espec\u00edficas de atendimento, promo\u00e7\u00e3o de conviv\u00eancia e inser\u00e7\u00e3o na comunidade, articula\u00e7\u00e3o com a rede, rela\u00e7\u00e3o dos usu\u00e1rios com suas fam\u00edlias.<\/p>\n<p>Para manter contato com o Servi\u00e7o de Abordagem Social ligue para 3690-7770 ou 99807-0719<\/p>\n<\/div>\n<p>&nbsp;<\/p>\n<div id=\"box_compartilhar\" align=\"right\"><\/div>\n","protected":false},"excerpt":{"rendered":"<p>Segundo informa\u00e7\u00f5es do site da Prefeitura de Juiz de Fora (PJF), o Servi\u00e7o Especializado em Abordagem Social (Seas) da Secretaria de Assist\u00eancia Social (SAS) da Prefeitura de Juiz de Fora (PJF), em parceria com a Casa da Mulher, vinculada a Secretaria Especial de Direitos Humanos (SEDH), ir\u00e1 promover neste s\u00e1bado, 17, das 15h \u00e0s 17h, [&hellip;]<\/p>\n","protected":false},"author":246,"featured_media":214934,"comment_status":"closed","ping_status":"closed","sticky":false,"template":"","format":"standard","meta":{"footnotes":""},"categories":[253,436,439],"tags":[],"class_list":["post-214933","post","type-post","status-publish","format-standard","has-post-thumbnail","hentry","category-cidade","category-destaque-da-semana","category-ultima-hora"],"_links":{"self":[{"href":"https:\/\/diarioregionaldigital.com.br\/index.php?rest_route=\/wp\/v2\/posts\/214933","targetHints":{"allow":["GET"]}}],"collection":[{"href":"https:\/\/diarioregionaldigital.com.br\/index.php?rest_route=\/wp\/v2\/posts"}],"about":[{"href":"https:\/\/diarioregionaldigital.com.br\/index.php?rest_route=\/wp\/v2\/types\/post"}],"author":[{"embeddable":true,"href":"https:\/\/diarioregionaldigital.com.br\/index.php?rest_route=\/wp\/v2\/users\/246"}],"replies":[{"embeddable":true,"href":"https:\/\/diarioregionaldigital.com.br\/index.php?rest_route=%2Fwp%2Fv2%2Fcomments&post=214933"}],"version-history":[{"count":1,"href":"https:\/\/diarioregionaldigital.com.br\/index.php?rest_route=\/wp\/v2\/posts\/214933\/revisions"}],"predecessor-version":[{"id":214935,"href":"https:\/\/diarioregionaldigital.com.br\/index.php?rest_route=\/wp\/v2\/posts\/214933\/revisions\/214935"}],"wp:featuredmedia":[{"embeddable":true,"href":"https:\/\/diarioregionaldigital.com.br\/index.php?rest_route=\/wp\/v2\/media\/214934"}],"wp:attachment":[{"href":"https:\/\/diarioregionaldigital.com.br\/index.php?rest_route=%2Fwp%2Fv2%2Fmedia&parent=214933"}],"wp:term":[{"taxonomy":"category","embeddable":true,"href":"https:\/\/diarioregionaldigital.com.br\/index.php?rest_route=%2Fwp%2Fv2%2Fcategories&post=214933"},{"taxonomy":"post_tag","embeddable":true,"href":"https:\/\/diarioregionaldigital.com.br\/index.php?rest_route=%2Fwp%2Fv2%2Ftags&post=214933"}],"curies":[{"name":"wp","href":"https:\/\/api.w.org\/{rel}","templated":true}]}}