{"id":214930,"date":"2023-06-15T20:21:02","date_gmt":"2023-06-15T23:21:02","guid":{"rendered":"https:\/\/diarioregionaldigital.com.br\/?p=214930"},"modified":"2023-06-15T20:21:02","modified_gmt":"2023-06-15T23:21:02","slug":"torneio-leiteiro-de-humaita-tera-esquema-de-onibus-extra","status":"publish","type":"post","link":"https:\/\/diarioregionaldigital.com.br\/?p=214930","title":{"rendered":"Torneio Leiteiro de Humait\u00e1 ter\u00e1 esquema de \u00f4nibus extra"},"content":{"rendered":"<p>Segundo informa\u00e7\u00f5es do site da Prefeitura de Juiz de Fora (PJF), al\u00e9m dos hor\u00e1rios do quadro cotidiano das linhas que atendem ao distrito de Humait\u00e1, a Prefeitura de Juiz de Fora (PJF), por meio da Secretaria de Mobilidade Urbana (SMU), est\u00e1 disponibilizando \u00f4nibus extras para atender ao p\u00fablico do Torneio Leiteiro que ser\u00e1 realizado no local. Nesta sexta-feira, 16, sair\u00e1 um carro extra \u00e0s 21h do Centro. Os hor\u00e1rios extras de retorno de Humait\u00e1 ser\u00e3o \u00e0s 3h e 3h30.<\/p>\n<p>J\u00e1 no s\u00e1bado, 17, os hor\u00e1rios extras tamb\u00e9m saem do Centro \u00e0s 21h e retornam \u00e0s 3h30. No \u00faltimo dia do evento, domingo, 18, haver\u00e1 apenas partida extra no sentido Humait\u00e1 para o Centro, \u00e0s 23h50. O itiner\u00e1rio e os hor\u00e1rios das linhas rotineiras que atendem Humait\u00e1 podem ser acessados no\u00a0<a href=\"https:\/\/www.pjf.mg.gov.br\/onibus\/itinerario\/index.php\"><strong>Portal da PJF<\/strong><\/a>.<\/p>\n","protected":false},"excerpt":{"rendered":"<p>Segundo informa\u00e7\u00f5es do site da Prefeitura de Juiz de Fora (PJF), al\u00e9m dos hor\u00e1rios do quadro cotidiano das linhas que atendem ao distrito de Humait\u00e1, a Prefeitura de Juiz de Fora (PJF), por meio da Secretaria de Mobilidade Urbana (SMU), est\u00e1 disponibilizando \u00f4nibus extras para atender ao p\u00fablico do Torneio Leiteiro que ser\u00e1 realizado no [&hellip;]<\/p>\n","protected":false},"author":246,"featured_media":214931,"comment_status":"closed","ping_status":"closed","sticky":false,"template":"","format":"standard","meta":{"footnotes":""},"categories":[253,436,439],"tags":[],"class_list":["post-214930","post","type-post","status-publish","format-standard","has-post-thumbnail","hentry","category-cidade","category-destaque-da-semana","category-ultima-hora"],"_links":{"self":[{"href":"https:\/\/diarioregionaldigital.com.br\/index.php?rest_route=\/wp\/v2\/posts\/214930","targetHints":{"allow":["GET"]}}],"collection":[{"href":"https:\/\/diarioregionaldigital.com.br\/index.php?rest_route=\/wp\/v2\/posts"}],"about":[{"href":"https:\/\/diarioregionaldigital.com.br\/index.php?rest_route=\/wp\/v2\/types\/post"}],"author":[{"embeddable":true,"href":"https:\/\/diarioregionaldigital.com.br\/index.php?rest_route=\/wp\/v2\/users\/246"}],"replies":[{"embeddable":true,"href":"https:\/\/diarioregionaldigital.com.br\/index.php?rest_route=%2Fwp%2Fv2%2Fcomments&post=214930"}],"version-history":[{"count":1,"href":"https:\/\/diarioregionaldigital.com.br\/index.php?rest_route=\/wp\/v2\/posts\/214930\/revisions"}],"predecessor-version":[{"id":214932,"href":"https:\/\/diarioregionaldigital.com.br\/index.php?rest_route=\/wp\/v2\/posts\/214930\/revisions\/214932"}],"wp:featuredmedia":[{"embeddable":true,"href":"https:\/\/diarioregionaldigital.com.br\/index.php?rest_route=\/wp\/v2\/media\/214931"}],"wp:attachment":[{"href":"https:\/\/diarioregionaldigital.com.br\/index.php?rest_route=%2Fwp%2Fv2%2Fmedia&parent=214930"}],"wp:term":[{"taxonomy":"category","embeddable":true,"href":"https:\/\/diarioregionaldigital.com.br\/index.php?rest_route=%2Fwp%2Fv2%2Fcategories&post=214930"},{"taxonomy":"post_tag","embeddable":true,"href":"https:\/\/diarioregionaldigital.com.br\/index.php?rest_route=%2Fwp%2Fv2%2Ftags&post=214930"}],"curies":[{"name":"wp","href":"https:\/\/api.w.org\/{rel}","templated":true}]}}