{"id":214927,"date":"2023-06-15T20:18:00","date_gmt":"2023-06-15T23:18:00","guid":{"rendered":"https:\/\/diarioregionaldigital.com.br\/?p=214927"},"modified":"2023-06-15T20:18:00","modified_gmt":"2023-06-15T23:18:00","slug":"prefeita-assina-o-projeto-nota-fiscal-premiada","status":"publish","type":"post","link":"https:\/\/diarioregionaldigital.com.br\/?p=214927","title":{"rendered":"Prefeita assina o projeto \u201cNota Fiscal Premiada\u201d"},"content":{"rendered":"<p>Segundo informa\u00e7\u00f5es do site da Prefeitura de Juiz de Fora (PJF), a prefeita de Juiz de Fora, Margarida Salom\u00e3o, assinou na manh\u00e3 desta quinta-feira, 15, o Projeto Nota Fiscal Premiada, parte dos presentes em comemora\u00e7\u00e3o aos 173 anos da cidade. A iniciativa estimula a emiss\u00e3o de notas fiscais, contribuindo com a fiscaliza\u00e7\u00e3o da arrecada\u00e7\u00e3o e combate \u00e0 sonega\u00e7\u00e3o fiscal e conta com o apoio dos consumidores, que ser\u00e3o beneficiados. A proposta foi encaminhada \u00e0 C\u00e2mara dos vereadores para vota\u00e7\u00e3o.<\/p>\n<p>Para participar o cidad\u00e3o deve solicitar a inclus\u00e3o do CPF na nota fiscal, que ser\u00e1 convertida em cupons para a participa\u00e7\u00e3o em sorteios realizados em v\u00e1rias edi\u00e7\u00f5es ao longo do ano. Outro foco do projeto \u00e9 a educa\u00e7\u00e3o financeira de crian\u00e7as e jovens, em parceria com escolas para conscientiza\u00e7\u00e3o sobre a import\u00e2ncia de contribuir com a arrecada\u00e7\u00e3o.<\/p>\n<p>Durante o evento, a prefeita destacou a import\u00e2ncia da iniciativa no controle fiscal e a responsabilidade da Prefeitura de Juiz de Fora (PJF) como mediadora na reorganiza\u00e7\u00e3o fiscal do munic\u00edpio e na aplica\u00e7\u00e3o desses recursos de maneira respons\u00e1vel para executar servi\u00e7os e pol\u00edticas p\u00fablicas. Citando o autor\u00a0Antoine de Saint-Exup\u00e9ry, ela afirmou que\u00a0\u201c\u2018O essencial \u00e9 invis\u00edvel aos olhos\u2019, como est\u00e1 escrito no livro \u2018O Pequeno Pr\u00edncipe\u2019. N\u00f3s podemos dizer que a\u00e7\u00f5es como esta n\u00e3o t\u00eam a mesma visibilidade que um viaduto, mas s\u00e3o fundamentais para o munic\u00edpio. A nota fiscal premiada ir\u00e1 promover, sobretudo, a cidadania e justi\u00e7a fiscal, al\u00e9m de repercutir na educa\u00e7\u00e3o e na forma\u00e7\u00e3o cidad\u00e3\u201d, afirmou.<\/p>\n<p>A secret\u00e1ria de Fazenda, Fernanda Finotti, refor\u00e7ou a import\u00e2ncia da participa\u00e7\u00e3o da popula\u00e7\u00e3o e a participa\u00e7\u00e3o das escolas na educa\u00e7\u00e3o financeira das novas gera\u00e7\u00f5es. \u201dQueremos levar para as escolas e dizer para as crian\u00e7as pe\u00e7am a nota fiscal, \u00e9 um direito de voc\u00eas e\u00a0 ao pedir, voc\u00eas concorrem a pr\u00eamios\u201d. Presidente da C\u00e2mara dos Vereadores, Jos\u00e9 M\u00e1rcio Lopes Guedes (Garotinho) destacou a import\u00e2ncia da pr\u00e1tica da cidadania na contribui\u00e7\u00e3o tribut\u00e1ria e parabenizou a proposta.<\/p>\n<p>Na cerim\u00f4nia de an\u00fancio, tamb\u00e9m estiveram presentes o presidente do\u00a0 Sindicato da Ind\u00fastria da Constru\u00e7\u00e3o Civil\u00a0(Sinduscon-JF),\u00a0Aur\u00e9lio Marangon, e a gerente do Departamento de Receitas Imobili\u00e1rias (DRI), Aline Passarin.<\/p>\n","protected":false},"excerpt":{"rendered":"<p>Segundo informa\u00e7\u00f5es do site da Prefeitura de Juiz de Fora (PJF), a prefeita de Juiz de Fora, Margarida Salom\u00e3o, assinou na manh\u00e3 desta quinta-feira, 15, o Projeto Nota Fiscal Premiada, parte dos presentes em comemora\u00e7\u00e3o aos 173 anos da cidade. A iniciativa estimula a emiss\u00e3o de notas fiscais, contribuindo com a fiscaliza\u00e7\u00e3o da arrecada\u00e7\u00e3o e [&hellip;]<\/p>\n","protected":false},"author":246,"featured_media":214928,"comment_status":"closed","ping_status":"closed","sticky":false,"template":"","format":"standard","meta":{"footnotes":""},"categories":[253,436,440,439],"tags":[],"class_list":["post-214927","post","type-post","status-publish","format-standard","has-post-thumbnail","hentry","category-cidade","category-destaque-da-semana","category-destaques-do-dia","category-ultima-hora"],"_links":{"self":[{"href":"https:\/\/diarioregionaldigital.com.br\/index.php?rest_route=\/wp\/v2\/posts\/214927","targetHints":{"allow":["GET"]}}],"collection":[{"href":"https:\/\/diarioregionaldigital.com.br\/index.php?rest_route=\/wp\/v2\/posts"}],"about":[{"href":"https:\/\/diarioregionaldigital.com.br\/index.php?rest_route=\/wp\/v2\/types\/post"}],"author":[{"embeddable":true,"href":"https:\/\/diarioregionaldigital.com.br\/index.php?rest_route=\/wp\/v2\/users\/246"}],"replies":[{"embeddable":true,"href":"https:\/\/diarioregionaldigital.com.br\/index.php?rest_route=%2Fwp%2Fv2%2Fcomments&post=214927"}],"version-history":[{"count":1,"href":"https:\/\/diarioregionaldigital.com.br\/index.php?rest_route=\/wp\/v2\/posts\/214927\/revisions"}],"predecessor-version":[{"id":214929,"href":"https:\/\/diarioregionaldigital.com.br\/index.php?rest_route=\/wp\/v2\/posts\/214927\/revisions\/214929"}],"wp:featuredmedia":[{"embeddable":true,"href":"https:\/\/diarioregionaldigital.com.br\/index.php?rest_route=\/wp\/v2\/media\/214928"}],"wp:attachment":[{"href":"https:\/\/diarioregionaldigital.com.br\/index.php?rest_route=%2Fwp%2Fv2%2Fmedia&parent=214927"}],"wp:term":[{"taxonomy":"category","embeddable":true,"href":"https:\/\/diarioregionaldigital.com.br\/index.php?rest_route=%2Fwp%2Fv2%2Fcategories&post=214927"},{"taxonomy":"post_tag","embeddable":true,"href":"https:\/\/diarioregionaldigital.com.br\/index.php?rest_route=%2Fwp%2Fv2%2Ftags&post=214927"}],"curies":[{"name":"wp","href":"https:\/\/api.w.org\/{rel}","templated":true}]}}