{"id":214924,"date":"2023-06-15T20:12:41","date_gmt":"2023-06-15T23:12:41","guid":{"rendered":"https:\/\/diarioregionaldigital.com.br\/?p=214924"},"modified":"2023-06-15T20:12:41","modified_gmt":"2023-06-15T23:12:41","slug":"vini-jr-comandara-novo-comite-antirracismo-da-fifa-afirma-infantino","status":"publish","type":"post","link":"https:\/\/diarioregionaldigital.com.br\/?p=214924","title":{"rendered":"Vini Jr. comandar\u00e1 novo comit\u00ea antirracismo da Fifa, afirma Infantino"},"content":{"rendered":"<p>Alvo de reiterados ataques racistas\u00a0 no Campeonato Espanhol, o atacante Vinicius J\u00fanior vai\u00a0liderar\u00a0um comit\u00ea especial antirracismo da Fifa, que regula o futebol mundial. O an\u00fancio foi feito por Gianni Infantino, presidente da entidade, em entrevista \u00e0 Reuters, durante visita \u00e0 concentra\u00e7\u00e3o da sele\u00e7\u00e3o brasileira em Barcelona (Espanha), onde a equipe encara a Guin\u00e9, em amistoso no pr\u00f3ximo s\u00e1bado (17), \u00e0s 16h (hor\u00e1rio de Bras\u00edlia).<img decoding=\"async\" src=\"https:\/\/agenciabrasil.ebc.com.br\/ebc.png?id=1538452&amp;o=node\" \/><img decoding=\"async\" src=\"https:\/\/agenciabrasil.ebc.com.br\/ebc.gif?id=1538452&amp;o=node\" \/><\/p>\n<p>&#8220;Pedi a Vin\u00edcius que liderasse esse grupo de jogadores que apresentar\u00e1 puni\u00e7\u00f5es mais rigorosas contra o racismo, que mais tarde ser\u00e3o implementadas por todas as autoridades do futebol em todo o mundo&#8221;, afirmou Infantino, ap\u00f3s encontro com Vini Jr., com a sele\u00e7\u00e3o e o\u00a0presidente da CBF, Ednaldo Rodrigues.<\/p>\n<p><a href=\"https:\/\/agenciabrasil.ebc.com.br\/esportes\/noticia\/2023-05\/em-derrota-do-real-madrid-vini-jr-sofre-racismo-novamente\">No \u00faltimo dia 21, Vini Jr., foi alvo de ataques racistas pela 10\u00aa vez no Campeonato Espanhol,<\/a>\u00a0organizado pela LaLiga. Os insultos foram proferidos por torcedores na derrota fora de casa do Real para o Valencia (2 a 1).<\/p>\n<p>&#8220;Precisamos ouvir os jogadores e o que eles precisam para trabalhar em um ambiente mais seguro. Estamos levando isso muito a s\u00e9rio&#8221;, explicou Infantino.\u00a0&#8220;Precisamos de puni\u00e7\u00f5es mais duras. N\u00e3o podemos tolerar mais racismo no futebol. Como presidente da Fifa, sinto que precisava conversar pessoalmente com Vin\u00edcius sobre o assunto&#8221;.<\/p>\n<p>Infantino tamb\u00e9m foi enf\u00e1tico quanto \u00e0 responsabilidade\u00a0do \u00e1rbitros no caso de\u00a0manifesta\u00e7\u00f5es racistas durante as partidas.<\/p>\n<p>\u201cN\u00e3o haver\u00e1 mais futebol com racismo. Os jogos devem ser interrompidos imediatamente quando isso acontecer. Basta!&#8221;, disse o dirigente.<\/p>\n<p>Para Ednaldo Rodrigues, o engajamento da Fifa \u00e0 luta antirracista no futebol \u00e9 um endosso \u00e0s iniciativas tomadas pela CBF no combate \u00e0 discrimina\u00e7\u00e3o racial no pa\u00eds.<\/p>\n<p>\u201cSomos a primeira federa\u00e7\u00e3o do mundo a estabelecer perda de pontos como puni\u00e7\u00e3o para essas situa\u00e7\u00f5es no Regulamento Geral das Competi\u00e7\u00f5es. E temos que ir al\u00e9m. No Brasil, semanas atr\u00e1s, um torcedor foi identificado ap\u00f3s ofensas racistas e acabou preso. Racismo \u00e9 crime, n\u00e3o pode haver toler\u00e2ncia com crimes. Esperamos que a sociedade como um todo abrace essa causa\u201d, defendeu o presidente da CBF.<\/p>\n<p><span style=\"font-weight: 400;\">Fonte: Ag\u00eancia Brasil <\/span><\/p>\n","protected":false},"excerpt":{"rendered":"<p>Alvo de reiterados ataques racistas\u00a0 no Campeonato Espanhol, o atacante Vinicius J\u00fanior vai\u00a0liderar\u00a0um comit\u00ea especial antirracismo da Fifa, que regula o futebol mundial. O an\u00fancio foi feito por Gianni Infantino, presidente da entidade, em entrevista \u00e0 Reuters, durante visita \u00e0 concentra\u00e7\u00e3o da sele\u00e7\u00e3o brasileira em Barcelona (Espanha), onde a equipe encara a Guin\u00e9, em amistoso [&hellip;]<\/p>\n","protected":false},"author":246,"featured_media":214925,"comment_status":"closed","ping_status":"closed","sticky":false,"template":"","format":"standard","meta":{"footnotes":""},"categories":[436,257,439],"tags":[],"class_list":["post-214924","post","type-post","status-publish","format-standard","has-post-thumbnail","hentry","category-destaque-da-semana","category-esporte","category-ultima-hora"],"_links":{"self":[{"href":"https:\/\/diarioregionaldigital.com.br\/index.php?rest_route=\/wp\/v2\/posts\/214924","targetHints":{"allow":["GET"]}}],"collection":[{"href":"https:\/\/diarioregionaldigital.com.br\/index.php?rest_route=\/wp\/v2\/posts"}],"about":[{"href":"https:\/\/diarioregionaldigital.com.br\/index.php?rest_route=\/wp\/v2\/types\/post"}],"author":[{"embeddable":true,"href":"https:\/\/diarioregionaldigital.com.br\/index.php?rest_route=\/wp\/v2\/users\/246"}],"replies":[{"embeddable":true,"href":"https:\/\/diarioregionaldigital.com.br\/index.php?rest_route=%2Fwp%2Fv2%2Fcomments&post=214924"}],"version-history":[{"count":1,"href":"https:\/\/diarioregionaldigital.com.br\/index.php?rest_route=\/wp\/v2\/posts\/214924\/revisions"}],"predecessor-version":[{"id":214926,"href":"https:\/\/diarioregionaldigital.com.br\/index.php?rest_route=\/wp\/v2\/posts\/214924\/revisions\/214926"}],"wp:featuredmedia":[{"embeddable":true,"href":"https:\/\/diarioregionaldigital.com.br\/index.php?rest_route=\/wp\/v2\/media\/214925"}],"wp:attachment":[{"href":"https:\/\/diarioregionaldigital.com.br\/index.php?rest_route=%2Fwp%2Fv2%2Fmedia&parent=214924"}],"wp:term":[{"taxonomy":"category","embeddable":true,"href":"https:\/\/diarioregionaldigital.com.br\/index.php?rest_route=%2Fwp%2Fv2%2Fcategories&post=214924"},{"taxonomy":"post_tag","embeddable":true,"href":"https:\/\/diarioregionaldigital.com.br\/index.php?rest_route=%2Fwp%2Fv2%2Ftags&post=214924"}],"curies":[{"name":"wp","href":"https:\/\/api.w.org\/{rel}","templated":true}]}}