{"id":214921,"date":"2023-06-15T20:11:10","date_gmt":"2023-06-15T23:11:10","guid":{"rendered":"https:\/\/diarioregionaldigital.com.br\/?p=214921"},"modified":"2023-06-15T20:11:10","modified_gmt":"2023-06-15T23:11:10","slug":"arremesso-de-peso-beth-gomes-bate-recorde-mundial-pela-2a-vez-no-ano","status":"publish","type":"post","link":"https:\/\/diarioregionaldigital.com.br\/?p=214921","title":{"rendered":"Arremesso de peso: Beth Gomes bate recorde mundial pela 2\u00aa vez no ano"},"content":{"rendered":"<p><span style=\"font-weight: 400;\">\u00a0<\/span><\/p>\n<p>Quem tamb\u00e9m brilhou foi a amapaense Wanna Brito, no arremesso de peso da classe F32 (paralisados cerebrais), que cravou 7,35m, baixando o recorde continental conquistado por ela mesma em maio com a marca de 6,98m, no Circuito Loterias Caixa. \u00a0Todavia, o site do IPC, ainda cita como recorde continental mais recente o obtido pela argentina Marilu Romina Fernandez:\u00a05,14m em setembro de 2022, em Paris.<\/p>\n<h2>Competi\u00e7\u00e3o preparat\u00f3ria para o Mundial em julho<\/h2>\n<p>O Campeonato Brasileiro de Atletismo prossegue at\u00e9 s\u00e1bado (17), com participa\u00e7\u00e3o de jovens promessas da modalidade e medalhistas paral\u00edmpicos. Entre estes \u00faltimos est\u00e3o Alessandro Silva, ouro e recordista no lan\u00e7amento de disco na classe F11, Petr\u00facio Ferreira, ouro e recordista nos 100 m na classe T47; Claudiney Santos, ouro no lan\u00e7amento de disco; e Raissa Machado, prata e recordista mundial no lan\u00e7amento de dardo na classe F56, entre outros.<\/p>\n<p>A competi\u00e7\u00e3o serve de prepara\u00e7\u00e3o para o Mundial de Atletismo de Paris, o maior evento esportivo paral\u00edmpicos ap\u00f3s os Jogos de T\u00f3quio em 2021. Isto porque o Mundial de Kobe (Jap\u00e3o) &#8211; inicialmente programado para 2021, mas adiado duas vezes devido \u00e0 pandemia de covid-19 \u2013 foi reagendado para maio de 2024.<\/p>\n<p><span style=\"font-weight: 400;\">Fonte: Ag\u00eancia Brasil <\/span><\/p>\n","protected":false},"excerpt":{"rendered":"<p>\u00a0 Quem tamb\u00e9m brilhou foi a amapaense Wanna Brito, no arremesso de peso da classe F32 (paralisados cerebrais), que cravou 7,35m, baixando o recorde continental conquistado por ela mesma em maio com a marca de 6,98m, no Circuito Loterias Caixa. \u00a0Todavia, o site do IPC, ainda cita como recorde continental mais recente o obtido pela [&hellip;]<\/p>\n","protected":false},"author":246,"featured_media":214922,"comment_status":"closed","ping_status":"closed","sticky":false,"template":"","format":"standard","meta":{"footnotes":""},"categories":[436,257,439],"tags":[],"class_list":["post-214921","post","type-post","status-publish","format-standard","has-post-thumbnail","hentry","category-destaque-da-semana","category-esporte","category-ultima-hora"],"_links":{"self":[{"href":"https:\/\/diarioregionaldigital.com.br\/index.php?rest_route=\/wp\/v2\/posts\/214921","targetHints":{"allow":["GET"]}}],"collection":[{"href":"https:\/\/diarioregionaldigital.com.br\/index.php?rest_route=\/wp\/v2\/posts"}],"about":[{"href":"https:\/\/diarioregionaldigital.com.br\/index.php?rest_route=\/wp\/v2\/types\/post"}],"author":[{"embeddable":true,"href":"https:\/\/diarioregionaldigital.com.br\/index.php?rest_route=\/wp\/v2\/users\/246"}],"replies":[{"embeddable":true,"href":"https:\/\/diarioregionaldigital.com.br\/index.php?rest_route=%2Fwp%2Fv2%2Fcomments&post=214921"}],"version-history":[{"count":1,"href":"https:\/\/diarioregionaldigital.com.br\/index.php?rest_route=\/wp\/v2\/posts\/214921\/revisions"}],"predecessor-version":[{"id":214923,"href":"https:\/\/diarioregionaldigital.com.br\/index.php?rest_route=\/wp\/v2\/posts\/214921\/revisions\/214923"}],"wp:featuredmedia":[{"embeddable":true,"href":"https:\/\/diarioregionaldigital.com.br\/index.php?rest_route=\/wp\/v2\/media\/214922"}],"wp:attachment":[{"href":"https:\/\/diarioregionaldigital.com.br\/index.php?rest_route=%2Fwp%2Fv2%2Fmedia&parent=214921"}],"wp:term":[{"taxonomy":"category","embeddable":true,"href":"https:\/\/diarioregionaldigital.com.br\/index.php?rest_route=%2Fwp%2Fv2%2Fcategories&post=214921"},{"taxonomy":"post_tag","embeddable":true,"href":"https:\/\/diarioregionaldigital.com.br\/index.php?rest_route=%2Fwp%2Fv2%2Ftags&post=214921"}],"curies":[{"name":"wp","href":"https:\/\/api.w.org\/{rel}","templated":true}]}}