{"id":214915,"date":"2023-06-15T20:07:07","date_gmt":"2023-06-15T23:07:07","guid":{"rendered":"https:\/\/diarioregionaldigital.com.br\/?p=214915"},"modified":"2023-06-15T20:07:07","modified_gmt":"2023-06-15T23:07:07","slug":"vinicius-junior-agradece-apoio-na-luta-contra-o-racismo","status":"publish","type":"post","link":"https:\/\/diarioregionaldigital.com.br\/?p=214915","title":{"rendered":"Vinicius J\u00fanior agradece apoio na luta contra o racismo"},"content":{"rendered":"<p>O atacante brasileiro Vinicius J\u00fanior agradeceu todo o apoio que tem recebido na luta contra o racismo. O jogador, que defende o Real Madrid (Espanha), fez um pronunciamento \u00e0 imprensa nesta quinta-feira (15) em Barcelona, local no qual a sele\u00e7\u00e3o brasileira se prepara para duas partidas amistosas que ser\u00e3o disputadas durante a Data Fifa.<img decoding=\"async\" src=\"https:\/\/agenciabrasil.ebc.com.br\/ebc.png?id=1538516&amp;o=node\" \/><img decoding=\"async\" src=\"https:\/\/agenciabrasil.ebc.com.br\/ebc.gif?id=1538516&amp;o=node\" \/><\/p>\n<p>\u201cVenho aqui para agradecer por todos que estiveram comigo desde o epis\u00f3dio [de agress\u00f5es racistas] que aconteceu no \u00faltimo jogo contra o Valencia [pelo Campeonato Espanhol], o presidente [Ednaldo Rodrigues], junto com a CBF, o Infantino [presidente da Fifa], que hoje esteve conosco sempre dando a maior for\u00e7a. Todos os clubes do Brasil, todas as pessoas do Brasil e de todo mundo que est\u00e3o comigo e me dando for\u00e7a para seguir nessa batalha. \u00c9 necess\u00e1rio ter algu\u00e9m que possa seguir firme e cada vez mais diminuir [o racismo]. Quero seguir [em frente] por todos os jovens que sofrem e n\u00e3o t\u00eam a voz que tenho. Um dia dei uma entrevista falando que queria que todos os brasileiros torcessem por mim, e acho que estou cada vez mais perto disso\u201d, declarou o atacante.<\/p>\n<p>\u201cVejo todos na internet me dando muito apoio, me acompanhando, me desejando sorte, n\u00e3o s\u00f3 no futebol, mas tamb\u00e9m fora dele. E pessoas de outros meios que antes n\u00e3o me acompanhavam e agora come\u00e7aram a me acompanhar. Fico feliz com isso e cada vez mais seguirei firme por aqueles que n\u00e3o t\u00eam oportunidade de lutar. Eu tenho a cabe\u00e7a muito tranquila, pois minha fam\u00edlia me ajudou, o Flamengo tamb\u00e9m me ajudou quando era pequeno, de sofrer n\u00e3o s\u00f3 com o racismo, mas tamb\u00e9m por toda a press\u00e3o que colocaram em cima de mim quando comecei com 16 anos. Sempre trabalhei calado e hoje tenho a oportunidade de ter a for\u00e7a para lutar em um assunto muito importante. Quero agradecer a todos voc\u00eas e que possamos seguir juntos at\u00e9 o fim\u201d, concluiu o jogador.<\/p>\n<p>Antes de seu pronunciamento\u00a0<a href=\"https:\/\/agenciabrasil.ebc.com.br\/esportes\/noticia\/2023-06\/vini-jr-comandara-novo-comite-antirracismo-da-fifa-afirma-infantino\" target=\"_blank\" rel=\"noopener\">Vinicius J\u00fanior foi anunciado pelo presidente da Fifa, Gianni Infantino, como l\u00edder de um comit\u00ea especial antirracismo<\/a>. \u201cPedi a Vin\u00edcius que liderasse esse grupo de jogadores que apresentar\u00e1 puni\u00e7\u00f5es mais rigorosas contra o racismo, que mais tarde ser\u00e3o implementadas por todas as autoridades do futebol em todo o mundo\u201d, afirmou o dirigente em entrevista \u00e0 ag\u00eancia de not\u00edcias Reuters durante visita \u00e0 concentra\u00e7\u00e3o da sele\u00e7\u00e3o brasileira em Barcelona, onde a equipe se prepara para enfrentar a Guin\u00e9 em amistoso no pr\u00f3ximo s\u00e1bado (17) a partir das 16h (hor\u00e1rio de Bras\u00edlia).<\/p>\n<p><span style=\"font-weight: 400;\">Fonte: Ag\u00eancia Brasil <\/span><\/p>\n","protected":false},"excerpt":{"rendered":"<p>O atacante brasileiro Vinicius J\u00fanior agradeceu todo o apoio que tem recebido na luta contra o racismo. O jogador, que defende o Real Madrid (Espanha), fez um pronunciamento \u00e0 imprensa nesta quinta-feira (15) em Barcelona, local no qual a sele\u00e7\u00e3o brasileira se prepara para duas partidas amistosas que ser\u00e3o disputadas durante a Data Fifa. \u201cVenho [&hellip;]<\/p>\n","protected":false},"author":246,"featured_media":214916,"comment_status":"closed","ping_status":"closed","sticky":false,"template":"","format":"standard","meta":{"footnotes":""},"categories":[436,440,257,439],"tags":[],"class_list":["post-214915","post","type-post","status-publish","format-standard","has-post-thumbnail","hentry","category-destaque-da-semana","category-destaques-do-dia","category-esporte","category-ultima-hora"],"_links":{"self":[{"href":"https:\/\/diarioregionaldigital.com.br\/index.php?rest_route=\/wp\/v2\/posts\/214915","targetHints":{"allow":["GET"]}}],"collection":[{"href":"https:\/\/diarioregionaldigital.com.br\/index.php?rest_route=\/wp\/v2\/posts"}],"about":[{"href":"https:\/\/diarioregionaldigital.com.br\/index.php?rest_route=\/wp\/v2\/types\/post"}],"author":[{"embeddable":true,"href":"https:\/\/diarioregionaldigital.com.br\/index.php?rest_route=\/wp\/v2\/users\/246"}],"replies":[{"embeddable":true,"href":"https:\/\/diarioregionaldigital.com.br\/index.php?rest_route=%2Fwp%2Fv2%2Fcomments&post=214915"}],"version-history":[{"count":1,"href":"https:\/\/diarioregionaldigital.com.br\/index.php?rest_route=\/wp\/v2\/posts\/214915\/revisions"}],"predecessor-version":[{"id":214917,"href":"https:\/\/diarioregionaldigital.com.br\/index.php?rest_route=\/wp\/v2\/posts\/214915\/revisions\/214917"}],"wp:featuredmedia":[{"embeddable":true,"href":"https:\/\/diarioregionaldigital.com.br\/index.php?rest_route=\/wp\/v2\/media\/214916"}],"wp:attachment":[{"href":"https:\/\/diarioregionaldigital.com.br\/index.php?rest_route=%2Fwp%2Fv2%2Fmedia&parent=214915"}],"wp:term":[{"taxonomy":"category","embeddable":true,"href":"https:\/\/diarioregionaldigital.com.br\/index.php?rest_route=%2Fwp%2Fv2%2Fcategories&post=214915"},{"taxonomy":"post_tag","embeddable":true,"href":"https:\/\/diarioregionaldigital.com.br\/index.php?rest_route=%2Fwp%2Fv2%2Ftags&post=214915"}],"curies":[{"name":"wp","href":"https:\/\/api.w.org\/{rel}","templated":true}]}}