{"id":214909,"date":"2023-06-15T19:57:00","date_gmt":"2023-06-15T22:57:00","guid":{"rendered":"https:\/\/diarioregionaldigital.com.br\/?p=214909"},"modified":"2023-06-15T19:57:00","modified_gmt":"2023-06-15T22:57:00","slug":"relatorio-sobre-indicacao-de-zanin-ao-stf-e-lido-no-senado","status":"publish","type":"post","link":"https:\/\/diarioregionaldigital.com.br\/?p=214909","title":{"rendered":"Relat\u00f3rio sobre indica\u00e7\u00e3o de Zanin ao STF \u00e9 lido no Senado"},"content":{"rendered":"<p>O advogado Cristiano Zanin Martins, indicado ao Supremo Tribunal Federal (STF) pelo presidente Luiz In\u00e1cio Lula da Silva, recebeu\u00a0parecer favor\u00e1vel na Comiss\u00e3o de Constitui\u00e7\u00e3o e Justi\u00e7a (CCJ) do Senado. \u00a0<img decoding=\"async\" src=\"https:\/\/agenciabrasil.ebc.com.br\/ebc.png?id=1538448&amp;o=node\" \/><img decoding=\"async\" src=\"https:\/\/agenciabrasil.ebc.com.br\/ebc.gif?id=1538448&amp;o=node\" \/><\/p>\n<p>O parecer foi lido nesta quinta-feira (15) na CCJ pelo relator, o senador Veneziano Vital do R\u00eago (MDB-PB). Em seguida, foi concedida\u00a0vista coletiva aos parlamentares. A sabatina est\u00e1 marcada para pr\u00f3xima quarta-feira (21).<\/p>\n<p>Se aprovada\u00a0na Comiss\u00e3o, a indica\u00e7\u00e3o de Zanin \u00e9 apreciada, por meio de\u00a0voto secreto, pelo plen\u00e1rio do Senado. S\u00e3o necess\u00e1rios 41 dos 81 votos para que ele assuma a vaga deixada pelo ex-ministro do STF\u00a0Ricardo Lewandoviski.<\/p>\n<p>Em seu relat\u00f3rio, o senador Veneziano Vital do R\u00eago destacou a carreira de Cristiano Zanin na advocacia. \u201cA partir de sua g\u00eanese acad\u00eamica na Pontif\u00edcia Universidade Cat\u00f3lica de S\u00e3o Paulo [PUC-SP], onde se bacharelou no ano de 1999, determinou-se a consolidar sua voca\u00e7\u00e3o na advocacia, n\u00e3o sem antes ter experimentado, como estagi\u00e1rio do Minist\u00e9rio P\u00fablico Paulista e no Poder Judici\u00e1rio de S\u00e3o Paulo, viv\u00eancias que lhe imprimiram valiosas experi\u00eancias\u201d, afirmou.<\/p>\n<p>O parlamentar destacou os 25 anos da \u201csua decidida voca\u00e7\u00e3o e pendor pela milit\u00e2ncia advocat\u00edcia\u201d, tendo come\u00e7ado no escrit\u00f3rio Arruda Alvim &amp; Tereza Alvim Advocacia e Consultoria Jur\u00eddica, ainda em 1999. O indicado ainda trabalhou no escrit\u00f3rio Teixeira Martins Advogados (2004-2022) e, por fim, no escrit\u00f3rio Zanin Martins Advogados.<\/p>\n<p>Dos casos em que Zanin trabalhou, o relator destacou aqueles\u00a0envolvendo o direito empresarial, como no caso da fal\u00eancia da companhia a\u00e9rea TransBrasil, que encerrou as atividades em 2001. Citou ainda a atua\u00e7\u00e3o dele na recupera\u00e7\u00e3o judicial das Americanas S.A\u00a0e na representa\u00e7\u00e3o das empresas Helibr\u00e1s, Varig e Airbus. Zanin tamb\u00e9m representou o Grupo Santos Brasil na disputa no setor portu\u00e1rio brasileiro. O advogado atuou ainda\u00a0na defesa de \u00f3rg\u00e3os de m\u00eddia, como a R\u00e1dio e Televis\u00e3o Bandeirantes e a Editora 247.<\/p>\n<p>Veneziano lembrou a atua\u00e7\u00e3o de Zanin como co-coordenador jur\u00eddico na elei\u00e7\u00e3o presidencial de 2022 e perante o Comit\u00ea de Direitos Humanos da Organiza\u00e7\u00e3o das Na\u00e7\u00f5es Unidas (ONU). Para o relator, \u201cevidencia-se, portanto, a versatilidade e abrang\u00eancia nos diversos ramos do direito, o que permitiu ao indicado gozar do reconhecimento profissional tanto entre seus pares advogados, quanto entre membros do Poder Judici\u00e1rio e Minist\u00e9rio P\u00fablico\u201d, afirmou.<\/p>\n<p>Ainda segundo o parecer do relator, Zanin tamb\u00e9m se destacou no mundo acad\u00eamico. \u201cA despeito da s\u00f3lida e vigorosa atua\u00e7\u00e3o enquanto procurador \u00e0 frente de demandas em searas diversas do direito, Cristiano Zanin n\u00e3o secundarizou a elabora\u00e7\u00e3o cient\u00edfica, sendo autor de in\u00fameros estudos jur\u00eddicos que permeiam discuss\u00f5es nos ambientes forenses pela marca das densas abordagens propostas\u201d.<\/p>\n<p>Cristiano Zanin Martins \u00e9 professor de direito civil e direito processual civil e lecionou na Faculdade Aut\u00f4noma de Direito de S\u00e3o Paulo (FADISP).<\/p>\n<p>Ele foi o advogado respons\u00e1vel pela defesa do presidente Lula durante a Opera\u00e7\u00e3o Lava Jato, quando ganhou notoriedade nacional e internacional.\u00a0Foi a partir de um processo liderado\u00a0por Zanin que a Comiss\u00e3o de Direitos Humanos da ONU\u00a0reconheceu que a pris\u00e3o de Lula, em 2018, violou o devido processo legal. Por isso, o \u00f3rg\u00e3o concluiu que a proibi\u00e7\u00e3o de Lula participar da elei\u00e7\u00e3o daquele ano violou os direitos pol\u00edticos do atual presidente.<\/p>\n<p><span style=\"font-weight: 400;\">Fonte: Ag\u00eancia Brasil <\/span><\/p>\n","protected":false},"excerpt":{"rendered":"<p>O advogado Cristiano Zanin Martins, indicado ao Supremo Tribunal Federal (STF) pelo presidente Luiz In\u00e1cio Lula da Silva, recebeu\u00a0parecer favor\u00e1vel na Comiss\u00e3o de Constitui\u00e7\u00e3o e Justi\u00e7a (CCJ) do Senado. \u00a0 O parecer foi lido nesta quinta-feira (15) na CCJ pelo relator, o senador Veneziano Vital do R\u00eago (MDB-PB). Em seguida, foi concedida\u00a0vista coletiva aos parlamentares. [&hellip;]<\/p>\n","protected":false},"author":246,"featured_media":214910,"comment_status":"closed","ping_status":"closed","sticky":false,"template":"","format":"standard","meta":{"footnotes":""},"categories":[436,254,439],"tags":[],"class_list":["post-214909","post","type-post","status-publish","format-standard","has-post-thumbnail","hentry","category-destaque-da-semana","category-politica","category-ultima-hora"],"_links":{"self":[{"href":"https:\/\/diarioregionaldigital.com.br\/index.php?rest_route=\/wp\/v2\/posts\/214909","targetHints":{"allow":["GET"]}}],"collection":[{"href":"https:\/\/diarioregionaldigital.com.br\/index.php?rest_route=\/wp\/v2\/posts"}],"about":[{"href":"https:\/\/diarioregionaldigital.com.br\/index.php?rest_route=\/wp\/v2\/types\/post"}],"author":[{"embeddable":true,"href":"https:\/\/diarioregionaldigital.com.br\/index.php?rest_route=\/wp\/v2\/users\/246"}],"replies":[{"embeddable":true,"href":"https:\/\/diarioregionaldigital.com.br\/index.php?rest_route=%2Fwp%2Fv2%2Fcomments&post=214909"}],"version-history":[{"count":1,"href":"https:\/\/diarioregionaldigital.com.br\/index.php?rest_route=\/wp\/v2\/posts\/214909\/revisions"}],"predecessor-version":[{"id":214911,"href":"https:\/\/diarioregionaldigital.com.br\/index.php?rest_route=\/wp\/v2\/posts\/214909\/revisions\/214911"}],"wp:featuredmedia":[{"embeddable":true,"href":"https:\/\/diarioregionaldigital.com.br\/index.php?rest_route=\/wp\/v2\/media\/214910"}],"wp:attachment":[{"href":"https:\/\/diarioregionaldigital.com.br\/index.php?rest_route=%2Fwp%2Fv2%2Fmedia&parent=214909"}],"wp:term":[{"taxonomy":"category","embeddable":true,"href":"https:\/\/diarioregionaldigital.com.br\/index.php?rest_route=%2Fwp%2Fv2%2Fcategories&post=214909"},{"taxonomy":"post_tag","embeddable":true,"href":"https:\/\/diarioregionaldigital.com.br\/index.php?rest_route=%2Fwp%2Fv2%2Ftags&post=214909"}],"curies":[{"name":"wp","href":"https:\/\/api.w.org\/{rel}","templated":true}]}}