{"id":214906,"date":"2023-06-15T19:54:55","date_gmt":"2023-06-15T22:54:55","guid":{"rendered":"https:\/\/diarioregionaldigital.com.br\/?p=214906"},"modified":"2023-06-15T19:54:55","modified_gmt":"2023-06-15T22:54:55","slug":"stf-ouve-partes-envolvidas-no-julgamento-sobre-juiz-de-garantias","status":"publish","type":"post","link":"https:\/\/diarioregionaldigital.com.br\/?p=214906","title":{"rendered":"STF ouve partes envolvidas no julgamento sobre juiz de garantias"},"content":{"rendered":"<p>O Supremo Tribunal Federal (STF) ouviu nesta quinta-feira (15) as sustenta\u00e7\u00f5es das partes envolvidas no julgamento sobre a constitucionalidade do juiz de garantias, mecanismo no qual o magistrado respons\u00e1vel pela senten\u00e7a n\u00e3o \u00e9 o mesmo que analisa as cautelares durante o processo criminal.<img decoding=\"async\" src=\"https:\/\/agenciabrasil.ebc.com.br\/ebc.png?id=1538523&amp;o=node\" \/><img decoding=\"async\" src=\"https:\/\/agenciabrasil.ebc.com.br\/ebc.gif?id=1538523&amp;o=node\" \/><\/p>\n<p>Durante a sess\u00e3o, representantes de entidades ligadas a ju\u00edzes, ao Minist\u00e9rio P\u00fablico e a Ordem dos Advogados do Brasil (OAB) se manifestaram sobre a implanta\u00e7\u00e3o da medida. Os votos dos ministros ser\u00e3o proferidos na quarta-feira (21).<\/p>\n<p>A Corte julga definitivamente quatro a\u00e7\u00f5es propostas por partidos pol\u00edticos e as entidades que s\u00e3o contra o mecanismo.<\/p>\n<p>A ado\u00e7\u00e3o do juiz de garantias estava prevista para entrar em vigor no dia 23 de janeiro de 2020, conforme o pacote anticrime aprovado pelo Congresso Nacional. No entanto, foi suspensa por liminar do ministro Luiz Fux, relator do processo, em 2020.<\/p>\n<h2>Sustenta\u00e7\u00f5es<\/h2>\n<p>Durante a sess\u00e3o, o advogado Alberto Pavie falou pela Associa\u00e7\u00e3o dos Magistrados Brasileiros (AMB) e a Associa\u00e7\u00e3o dos Ju\u00edzes Federais (Ajufe). Ele disse que as entidades n\u00e3o s\u00e3o contr\u00e1rias ao juiz de garantias, mas ao modelo de implanta\u00e7\u00e3o imediata da medida.<\/p>\n<p>O defensor argumentou que a lei criou uma nova inst\u00e2ncia e n\u00e3o h\u00e1 or\u00e7amento nem n\u00famero suficiente de ju\u00edzes para cumprir a medida. &#8220;A lei foi al\u00e9m para fazer uma cis\u00e3o da pr\u00f3pria primeira inst\u00e2ncia, como se estivesse a criar uma subdivis\u00e3o dessa inst\u00e2ncia ao estabelecer o impedimento do juiz que atua no inqu\u00e9rito vir atuar na a\u00e7\u00e3o penal&#8221;, disse.<\/p>\n<p>O advogado Caio Chaves Morau falou pelo partido Cidadania. Ele tamb\u00e9m criticou a norma. Para o defensor, a lei criou uma &#8220;nova inst\u00e2ncia dentro da primeira inst\u00e2ncia&#8221; e n\u00e3o previu o impacto financeiro da medida.<\/p>\n<p>&#8220;Essa proposi\u00e7\u00e3o legislativa n\u00e3o foi acompanhada dos impactos financeiros. H\u00e1 estudos que estimam algo em torno de R$ 2,5 bilh\u00f5es&#8221;, disse.<\/p>\n<h2>A favor<\/h2>\n<p>Isadora Cartaxo, secret\u00e1ria-geral de Contencioso da Advocacia-Geral da Uni\u00e3o (AGU), defendeu a legalidade da lei e disse que a norma buscou estabelecer a divis\u00e3o de fun\u00e7\u00f5es entre o juiz que atua na investiga\u00e7\u00e3o e o magistrado que atua no julgamento.<\/p>\n<p>&#8220;\u00c9 uma garantia institucional em prol de maior isen\u00e7\u00e3o e imparcialidade das decis\u00f5es, objetivando maior patamar de neutralidade do juiz&#8221;, argumentou.<\/p>\n<p>O advogado criminalista Alberto Toron, representando o Conselho Federal da Ordem dos Advogados do Brasil (OAB), disse que falta \u201cvontade pol\u00edtica\u201d para modernizar o Judici\u00e1rio.<\/p>\n<p>&#8220;O que o j\u00fari de garantias fez \u00e9 uma especializa\u00e7\u00e3o no \u00e2mbito do Judici\u00e1rio daquele juiz que vai cuidar dos inqu\u00e9ritos, recebendo os autos de pris\u00e3o em flagrante, concedendo habeas corpus quando se identificar uma ilegalidade, que s\u00e3o atribui\u00e7\u00f5es normais\u201d, disse.<\/p>\n<h2>Entenda<\/h2>\n<p>Entre as diversas altera\u00e7\u00f5es no C\u00f3digo de Processo Penal (CPP), o pacote anticrime estabeleceu o juiz de garantias, que \u00e9 o magistrado que deve atuar na fase de investiga\u00e7\u00e3o criminal, decidindo sobre todos os pedidos do Minist\u00e9rio P\u00fablico ou da autoridade policial que digam respeito \u00e0 apura\u00e7\u00e3o de um crime, como, por exemplo, quebras de sigilo ou pris\u00f5es preventivas. Ele, contudo, n\u00e3o poder\u00e1 proferir senten\u00e7as.<\/p>\n<p>De acordo com nova a lei, a atua\u00e7\u00e3o do juiz de garantias se encerra ap\u00f3s ele decidir se aceita eventual den\u00fancia apresentada pelo Minist\u00e9rio P\u00fablico. Caso a pe\u00e7a acusat\u00f3ria seja aceita, \u00e9 aberta uma a\u00e7\u00e3o penal, na qual passa a atuar outro juiz, que ficar\u00e1 encarregado de ouvir as partes, estudar as alega\u00e7\u00f5es finais e proferir uma senten\u00e7a.<\/p>\n<p><span style=\"font-weight: 400;\"><br \/>\n<\/span><span style=\"font-weight: 400;\">Fonte: Ag\u00eancia Brasil <\/span><\/p>\n","protected":false},"excerpt":{"rendered":"<p>O Supremo Tribunal Federal (STF) ouviu nesta quinta-feira (15) as sustenta\u00e7\u00f5es das partes envolvidas no julgamento sobre a constitucionalidade do juiz de garantias, mecanismo no qual o magistrado respons\u00e1vel pela senten\u00e7a n\u00e3o \u00e9 o mesmo que analisa as cautelares durante o processo criminal. Durante a sess\u00e3o, representantes de entidades ligadas a ju\u00edzes, ao Minist\u00e9rio P\u00fablico [&hellip;]<\/p>\n","protected":false},"author":246,"featured_media":214907,"comment_status":"closed","ping_status":"closed","sticky":false,"template":"","format":"standard","meta":{"footnotes":""},"categories":[436,254,439],"tags":[],"class_list":["post-214906","post","type-post","status-publish","format-standard","has-post-thumbnail","hentry","category-destaque-da-semana","category-politica","category-ultima-hora"],"_links":{"self":[{"href":"https:\/\/diarioregionaldigital.com.br\/index.php?rest_route=\/wp\/v2\/posts\/214906","targetHints":{"allow":["GET"]}}],"collection":[{"href":"https:\/\/diarioregionaldigital.com.br\/index.php?rest_route=\/wp\/v2\/posts"}],"about":[{"href":"https:\/\/diarioregionaldigital.com.br\/index.php?rest_route=\/wp\/v2\/types\/post"}],"author":[{"embeddable":true,"href":"https:\/\/diarioregionaldigital.com.br\/index.php?rest_route=\/wp\/v2\/users\/246"}],"replies":[{"embeddable":true,"href":"https:\/\/diarioregionaldigital.com.br\/index.php?rest_route=%2Fwp%2Fv2%2Fcomments&post=214906"}],"version-history":[{"count":1,"href":"https:\/\/diarioregionaldigital.com.br\/index.php?rest_route=\/wp\/v2\/posts\/214906\/revisions"}],"predecessor-version":[{"id":214908,"href":"https:\/\/diarioregionaldigital.com.br\/index.php?rest_route=\/wp\/v2\/posts\/214906\/revisions\/214908"}],"wp:featuredmedia":[{"embeddable":true,"href":"https:\/\/diarioregionaldigital.com.br\/index.php?rest_route=\/wp\/v2\/media\/214907"}],"wp:attachment":[{"href":"https:\/\/diarioregionaldigital.com.br\/index.php?rest_route=%2Fwp%2Fv2%2Fmedia&parent=214906"}],"wp:term":[{"taxonomy":"category","embeddable":true,"href":"https:\/\/diarioregionaldigital.com.br\/index.php?rest_route=%2Fwp%2Fv2%2Fcategories&post=214906"},{"taxonomy":"post_tag","embeddable":true,"href":"https:\/\/diarioregionaldigital.com.br\/index.php?rest_route=%2Fwp%2Fv2%2Ftags&post=214906"}],"curies":[{"name":"wp","href":"https:\/\/api.w.org\/{rel}","templated":true}]}}