{"id":214897,"date":"2023-06-15T19:43:58","date_gmt":"2023-06-15T22:43:58","guid":{"rendered":"https:\/\/diarioregionaldigital.com.br\/?p=214897"},"modified":"2023-06-15T19:43:58","modified_gmt":"2023-06-15T22:43:58","slug":"centro-une-setor-energetico-e-academia-na-busca-por-baixo-carbono","status":"publish","type":"post","link":"https:\/\/diarioregionaldigital.com.br\/?p=214897","title":{"rendered":"Centro une setor energ\u00e9tico e academia na busca por baixo carbono"},"content":{"rendered":"<p>O Instituto Alberto Luiz Coimbra de P\u00f3s-Gradua\u00e7\u00e3o e Pesquisa de Engenharia (Coppe), da Universidade Federal do Rio de Janeiro (UFRJ), lan\u00e7ou nesta quinta-feira (15) o Centro Virtual de Solu\u00e7\u00f5es Tecnol\u00f3gicas de Baixo Carbono, que vai ligar empresas do setor de energia a laborat\u00f3rios que atuam em solu\u00e7\u00f5es de baixo carbono e financiadores.<img decoding=\"async\" src=\"https:\/\/agenciabrasil.ebc.com.br\/ebc.png?id=1538502&amp;o=node\" \/><img decoding=\"async\" src=\"https:\/\/agenciabrasil.ebc.com.br\/ebc.gif?id=1538502&amp;o=node\" \/><\/p>\n<p>De acordo com a vice-diretora da Coppe, Suzana Kahn, as solu\u00e7\u00f5es de baixo carbono podem beneficiar diversos setores da economia, como melhoria dos processos produtivos das sider\u00fargicas, ind\u00fastrias de cimento e log\u00edstica nas empresas de transporte, impactando na redu\u00e7\u00e3o das emiss\u00f5es de gases poluentes.<\/p>\n<p>A vice-diretora explicou que a partir de um mapeamento, criou-se uma rede entre os diversos laborat\u00f3rios da institui\u00e7\u00e3o.<\/p>\n<p>Um dos laborat\u00f3rios que v\u00e3o integrar o centro \u00e9 o de Tecnologia Oce\u00e2nica (LabOceano), que estuda o aproveitamento da energia das ondas, como a gera\u00e7\u00e3o e\u00f3lica offshore (no mar) e da energia t\u00e9rmica dos oceanos, com aplica\u00e7\u00f5es para a ind\u00fastria de petr\u00f3leo offshore.<\/p>\n<p>\u201cN\u00f3s temos mais de 150 mil metros quadrados de laborat\u00f3rios e muitos deles, que foram constru\u00eddos e financiados com verbas de pesquisa e desenvolvimento (P&amp;D) de petr\u00f3leo e g\u00e1s, se adequam a quest\u00f5es relacionadas a solu\u00e7\u00f5es energ\u00e9ticas\u201d, destaca.<\/p>\n<h2>Cursos EAD<\/h2>\n<p>Por se tratar de uma \u00e1rea nova de conhecimento, Suzana Kahn afirmou que ainda existe desconhecimento sobre as novas tecnologias de baixo carbono, os pr\u00f3s e contras, impactos e energias renov\u00e1veis. Desta forma, o Centro Virtual realizar\u00e1 cursos \u00e0 dist\u00e2ncia em m\u00f3dulos. O primeiro, que ser\u00e1 iniciado em agosto, tratar\u00e1 de energia dos oceanos. A ideia \u00e9 que o interessado monte o seu pr\u00f3prio cronograma, a partir de aspectos econ\u00f4micos e \u00e1reas de interesse.<\/p>\n<p>Empresas tamb\u00e9m podem ofertar cursos para o quadro funcional, com base na \u00e1rea de atua\u00e7\u00e3o do neg\u00f3cio. Para fazer o curso, \u00e9 preciso ter gradua\u00e7\u00e3o.<\/p>\n<p>O curso b\u00e1sico para o p\u00fablico em geral \u00e9 o de mudan\u00e7as clim\u00e1ticas, com in\u00edcio tamb\u00e9m previsto para agosto. Para outubro, a expectativa \u00e9 promover dois novos cursos: biomateriais para constru\u00e7\u00e3o civil e hidrog\u00eanio.<\/p>\n<h2>Debate<\/h2>\n<p>No debate &#8220;Solu\u00e7\u00f5es Tecnol\u00f3gicas de Baixo Carbono: compet\u00eancias e vis\u00e3o de futuro&#8221;, realizado nesta quinta-feira (15) pela Coppe, com a presen\u00e7a de executivos de v\u00e1rias empresas de energia, houve consenso entre os participantes da necessidade de uma maior aproxima\u00e7\u00e3o entre empresas e academia. \u201cH\u00e1 uma lacuna entre a forma de trabalhar, de pensar, do \u2018timing\u2019. Essa foi identificada como uma quest\u00e3o que precisa melhorar porque ambos se beneficiam. A ind\u00fastria se beneficia do conhecimento da universidade e esta come\u00e7a a se aproximar em seus desafios mais instigantes que a empresa precisa atender\u201d, ressalta Suzana Kahn.<\/p>\n<p>Outra quest\u00e3o foi sobre a regulamenta\u00e7\u00e3o, envolvendo, por exemplo, parcerias entre universidades federais e a iniciativa privada.<\/p>\n<p>Os participantes tamb\u00e9m debateram a depend\u00eancia do Brasil na importa\u00e7\u00e3o de equipamentos para produ\u00e7\u00e3o energ\u00e9tica. \u201cA gente acaba sempre importando. Tem muito petr\u00f3leo e, muitas vezes, importa equipamento de que precisa\u201d.<\/p>\n<p>O debate fez parte da s\u00e9rie \u201cAgenda Coppe e Sociedade\u201d, que integra as comemora\u00e7\u00f5es dos 60 anos da institui\u00e7\u00e3o.<\/p>\n<p><span style=\"font-weight: 400;\">Fonte: Ag\u00eancia Brasil <\/span><\/p>\n","protected":false},"excerpt":{"rendered":"<p>O Instituto Alberto Luiz Coimbra de P\u00f3s-Gradua\u00e7\u00e3o e Pesquisa de Engenharia (Coppe), da Universidade Federal do Rio de Janeiro (UFRJ), lan\u00e7ou nesta quinta-feira (15) o Centro Virtual de Solu\u00e7\u00f5es Tecnol\u00f3gicas de Baixo Carbono, que vai ligar empresas do setor de energia a laborat\u00f3rios que atuam em solu\u00e7\u00f5es de baixo carbono e financiadores. De acordo com [&hellip;]<\/p>\n","protected":false},"author":246,"featured_media":214898,"comment_status":"closed","ping_status":"closed","sticky":false,"template":"","format":"standard","meta":{"footnotes":""},"categories":[436,261,439],"tags":[],"class_list":["post-214897","post","type-post","status-publish","format-standard","has-post-thumbnail","hentry","category-destaque-da-semana","category-economia","category-ultima-hora"],"_links":{"self":[{"href":"https:\/\/diarioregionaldigital.com.br\/index.php?rest_route=\/wp\/v2\/posts\/214897","targetHints":{"allow":["GET"]}}],"collection":[{"href":"https:\/\/diarioregionaldigital.com.br\/index.php?rest_route=\/wp\/v2\/posts"}],"about":[{"href":"https:\/\/diarioregionaldigital.com.br\/index.php?rest_route=\/wp\/v2\/types\/post"}],"author":[{"embeddable":true,"href":"https:\/\/diarioregionaldigital.com.br\/index.php?rest_route=\/wp\/v2\/users\/246"}],"replies":[{"embeddable":true,"href":"https:\/\/diarioregionaldigital.com.br\/index.php?rest_route=%2Fwp%2Fv2%2Fcomments&post=214897"}],"version-history":[{"count":1,"href":"https:\/\/diarioregionaldigital.com.br\/index.php?rest_route=\/wp\/v2\/posts\/214897\/revisions"}],"predecessor-version":[{"id":214899,"href":"https:\/\/diarioregionaldigital.com.br\/index.php?rest_route=\/wp\/v2\/posts\/214897\/revisions\/214899"}],"wp:featuredmedia":[{"embeddable":true,"href":"https:\/\/diarioregionaldigital.com.br\/index.php?rest_route=\/wp\/v2\/media\/214898"}],"wp:attachment":[{"href":"https:\/\/diarioregionaldigital.com.br\/index.php?rest_route=%2Fwp%2Fv2%2Fmedia&parent=214897"}],"wp:term":[{"taxonomy":"category","embeddable":true,"href":"https:\/\/diarioregionaldigital.com.br\/index.php?rest_route=%2Fwp%2Fv2%2Fcategories&post=214897"},{"taxonomy":"post_tag","embeddable":true,"href":"https:\/\/diarioregionaldigital.com.br\/index.php?rest_route=%2Fwp%2Fv2%2Ftags&post=214897"}],"curies":[{"name":"wp","href":"https:\/\/api.w.org\/{rel}","templated":true}]}}