{"id":214894,"date":"2023-06-15T19:41:19","date_gmt":"2023-06-15T22:41:19","guid":{"rendered":"https:\/\/diarioregionaldigital.com.br\/?p=214894"},"modified":"2023-06-15T19:41:19","modified_gmt":"2023-06-15T22:41:19","slug":"petrobras-reduz-preco-da-gasolina-em-466-para-distribuidoras","status":"publish","type":"post","link":"https:\/\/diarioregionaldigital.com.br\/?p=214894","title":{"rendered":"Petrobras reduz pre\u00e7o da gasolina em 4,66% para distribuidoras"},"content":{"rendered":"<p>A Petrobras anunciou nesta quinta-feira (15) a redu\u00e7\u00e3o de R$ 0,13 no litro da gasolina vendida a distribuidoras de combust\u00edveis. Com a queda do pre\u00e7o, de 4,66%, o litro passar\u00e1 a custar R$ 2,66 a partir desta sexta-feira (16).\u00a0<img decoding=\"async\" src=\"https:\/\/agenciabrasil.ebc.com.br\/ebc.png?id=1538442&amp;o=node\" \/><img decoding=\"async\" src=\"https:\/\/agenciabrasil.ebc.com.br\/ebc.gif?id=1538442&amp;o=node\" \/><\/p>\n<p>Como a gasolina vendida nas bombas tem adi\u00e7\u00e3o de 27% de etanol anidro, a parcela do pre\u00e7o da Petrobras no pre\u00e7o do\u00a0combust\u00edvel vendido nos postos de gasolina ser\u00e1 de R$ 1,94 por litro.<\/p>\n<p>Segundo a Petrobras, caso os demais agentes da cadeia do combust\u00edvel (distribuidoras e postos) mantenham os valores de suas parcelas, o pre\u00e7o m\u00e9dio ao consumidor final poder\u00e1 atingir R$ 5,33 por litro, com base na \u00faltima pesquisa feita pela Ag\u00eancia Nacional do Petr\u00f3leo, G\u00e1s Natural e Biocombust\u00edveis (ANP).<\/p>\n<p>\u201cDestaca-se que o valor efetivamente cobrado ao consumidor final no posto \u00e9 afetado tamb\u00e9m por outros fatores como impostos, mistura de biocombust\u00edveis e margens de lucro da distribui\u00e7\u00e3o e da revenda\u201d, diz a empresa em nota.<\/p>\n<p>De acordo com o comunicado, \u201ca redu\u00e7\u00e3o do pre\u00e7o da Petrobras tem como objetivos principais a manuten\u00e7\u00e3o da competitividade dos pre\u00e7os da companhia frente \u00e0s principais alternativas de suprimento dos seus clientes e a participa\u00e7\u00e3o de mercado necess\u00e1ria para a otimiza\u00e7\u00e3o dos ativos de refino em equil\u00edbrio com os mercados nacional e internacional\u201d.<\/p>\n<p><span style=\"font-weight: 400;\">Fonte: Ag\u00eancia Brasil <\/span><\/p>\n","protected":false},"excerpt":{"rendered":"<p>A Petrobras anunciou nesta quinta-feira (15) a redu\u00e7\u00e3o de R$ 0,13 no litro da gasolina vendida a distribuidoras de combust\u00edveis. Com a queda do pre\u00e7o, de 4,66%, o litro passar\u00e1 a custar R$ 2,66 a partir desta sexta-feira (16).\u00a0 Como a gasolina vendida nas bombas tem adi\u00e7\u00e3o de 27% de etanol anidro, a parcela do [&hellip;]<\/p>\n","protected":false},"author":246,"featured_media":214895,"comment_status":"closed","ping_status":"closed","sticky":false,"template":"","format":"standard","meta":{"footnotes":""},"categories":[436,261,439],"tags":[],"class_list":["post-214894","post","type-post","status-publish","format-standard","has-post-thumbnail","hentry","category-destaque-da-semana","category-economia","category-ultima-hora"],"_links":{"self":[{"href":"https:\/\/diarioregionaldigital.com.br\/index.php?rest_route=\/wp\/v2\/posts\/214894","targetHints":{"allow":["GET"]}}],"collection":[{"href":"https:\/\/diarioregionaldigital.com.br\/index.php?rest_route=\/wp\/v2\/posts"}],"about":[{"href":"https:\/\/diarioregionaldigital.com.br\/index.php?rest_route=\/wp\/v2\/types\/post"}],"author":[{"embeddable":true,"href":"https:\/\/diarioregionaldigital.com.br\/index.php?rest_route=\/wp\/v2\/users\/246"}],"replies":[{"embeddable":true,"href":"https:\/\/diarioregionaldigital.com.br\/index.php?rest_route=%2Fwp%2Fv2%2Fcomments&post=214894"}],"version-history":[{"count":1,"href":"https:\/\/diarioregionaldigital.com.br\/index.php?rest_route=\/wp\/v2\/posts\/214894\/revisions"}],"predecessor-version":[{"id":214896,"href":"https:\/\/diarioregionaldigital.com.br\/index.php?rest_route=\/wp\/v2\/posts\/214894\/revisions\/214896"}],"wp:featuredmedia":[{"embeddable":true,"href":"https:\/\/diarioregionaldigital.com.br\/index.php?rest_route=\/wp\/v2\/media\/214895"}],"wp:attachment":[{"href":"https:\/\/diarioregionaldigital.com.br\/index.php?rest_route=%2Fwp%2Fv2%2Fmedia&parent=214894"}],"wp:term":[{"taxonomy":"category","embeddable":true,"href":"https:\/\/diarioregionaldigital.com.br\/index.php?rest_route=%2Fwp%2Fv2%2Fcategories&post=214894"},{"taxonomy":"post_tag","embeddable":true,"href":"https:\/\/diarioregionaldigital.com.br\/index.php?rest_route=%2Fwp%2Fv2%2Ftags&post=214894"}],"curies":[{"name":"wp","href":"https:\/\/api.w.org\/{rel}","templated":true}]}}