{"id":214891,"date":"2023-06-15T19:38:57","date_gmt":"2023-06-15T22:38:57","guid":{"rendered":"https:\/\/diarioregionaldigital.com.br\/?p=214891"},"modified":"2023-06-15T19:38:57","modified_gmt":"2023-06-15T22:38:57","slug":"volume-de-servicos-no-pais-cai-16-de-marco-para-abril","status":"publish","type":"post","link":"https:\/\/diarioregionaldigital.com.br\/?p=214891","title":{"rendered":"Volume de servi\u00e7os no pa\u00eds cai 1,6% de mar\u00e7o para abril"},"content":{"rendered":"<p>O volume de servi\u00e7os no pa\u00eds teve queda de 1,6% em abril deste ano, na compara\u00e7\u00e3o com mar\u00e7o. O recuo veio depois de altas em fevereiro e mar\u00e7o, per\u00edodo no qual o setor acumulou ganho de 2,1%. O dado \u00e9 da Pesquisa Mensal de Servi\u00e7os (PMS), divulgada nesta quinta-feira (15), no Rio de Janeiro, pelo Instituto Brasileiro de Geografia e Estat\u00edstica (IBGE).\u00a0<img decoding=\"async\" src=\"https:\/\/agenciabrasil.ebc.com.br\/ebc.png?id=1538375&amp;o=node\" \/><img decoding=\"async\" src=\"https:\/\/agenciabrasil.ebc.com.br\/ebc.gif?id=1538375&amp;o=node\" \/><\/p>\n<p>Nos outros tipos de compara\u00e7\u00e3o, no entanto, os servi\u00e7os apresentaram crescimento: 2,7% em rela\u00e7\u00e3o a abril de 2022, 4,8% no acumulado do ano e 6,8% no acumulado de 12 meses.<\/p>\n<p>A perda de 1,6% do setor na passagem de mar\u00e7o para abril foi puxada por quatro das cinco atividades pesquisadas pelo IBGE, com destaque para o setor de transportes (-4,4%). Em fevereiro e mar\u00e7o, o segmento havia acumulado alta de 7,5%.<\/p>\n<p>Em abril, houve recuo de 3,4% e de 1,4% no setor de transporte cargas e de passageiros.<\/p>\n<h2>Impacto negativo<\/h2>\n<p>\u201cV\u00e1rios segmentos de servi\u00e7os dentro desse setor acabaram por gerar um impacto negativo: gest\u00e3o de portos e terminais, transporte rodovi\u00e1rio de cargas, rodovi\u00e1rio coletivo de passageiros e transporte dutovi\u00e1rio. Esses segmentos tiveram import\u00e2ncia no \u00e2mbito do volume de servi\u00e7os, ultrapassando a fronteira do pr\u00f3prio setor\u201d, afirmou o gerente da pesquisa, Rodrigo Lobo, por meio de nota divulgada pelo IBGE.<\/p>\n<p>Tamb\u00e9m tiveram diminui\u00e7\u00e3o os servi\u00e7os de informa\u00e7\u00e3o e comunica\u00e7\u00e3o (-1%); profissionais, administrativos e complementares (-0,6%) e outros servi\u00e7os (-1,1%).<\/p>\n<p>E os servi\u00e7os prestados \u00e0s fam\u00edlias integram o \u00fanico segmento com alta (1,2%), depois de uma perda acumulada de 2,2% em fevereiro e mar\u00e7o.<\/p>\n<p>A receita nominal caiu 0,4% de mar\u00e7o para abril, mas cresceu 8% na compara\u00e7\u00e3o com abril do ano passado, 10,8% no acumulado do ano e 13,9% no acumulado de 12 meses.<\/p>\n<p><span style=\"font-weight: 400;\">Fonte: Ag\u00eancia Brasil <\/span><\/p>\n","protected":false},"excerpt":{"rendered":"<p>O volume de servi\u00e7os no pa\u00eds teve queda de 1,6% em abril deste ano, na compara\u00e7\u00e3o com mar\u00e7o. O recuo veio depois de altas em fevereiro e mar\u00e7o, per\u00edodo no qual o setor acumulou ganho de 2,1%. O dado \u00e9 da Pesquisa Mensal de Servi\u00e7os (PMS), divulgada nesta quinta-feira (15), no Rio de Janeiro, pelo [&hellip;]<\/p>\n","protected":false},"author":246,"featured_media":214892,"comment_status":"closed","ping_status":"closed","sticky":false,"template":"","format":"standard","meta":{"footnotes":""},"categories":[436,440,261,439],"tags":[],"class_list":["post-214891","post","type-post","status-publish","format-standard","has-post-thumbnail","hentry","category-destaque-da-semana","category-destaques-do-dia","category-economia","category-ultima-hora"],"_links":{"self":[{"href":"https:\/\/diarioregionaldigital.com.br\/index.php?rest_route=\/wp\/v2\/posts\/214891","targetHints":{"allow":["GET"]}}],"collection":[{"href":"https:\/\/diarioregionaldigital.com.br\/index.php?rest_route=\/wp\/v2\/posts"}],"about":[{"href":"https:\/\/diarioregionaldigital.com.br\/index.php?rest_route=\/wp\/v2\/types\/post"}],"author":[{"embeddable":true,"href":"https:\/\/diarioregionaldigital.com.br\/index.php?rest_route=\/wp\/v2\/users\/246"}],"replies":[{"embeddable":true,"href":"https:\/\/diarioregionaldigital.com.br\/index.php?rest_route=%2Fwp%2Fv2%2Fcomments&post=214891"}],"version-history":[{"count":1,"href":"https:\/\/diarioregionaldigital.com.br\/index.php?rest_route=\/wp\/v2\/posts\/214891\/revisions"}],"predecessor-version":[{"id":214893,"href":"https:\/\/diarioregionaldigital.com.br\/index.php?rest_route=\/wp\/v2\/posts\/214891\/revisions\/214893"}],"wp:featuredmedia":[{"embeddable":true,"href":"https:\/\/diarioregionaldigital.com.br\/index.php?rest_route=\/wp\/v2\/media\/214892"}],"wp:attachment":[{"href":"https:\/\/diarioregionaldigital.com.br\/index.php?rest_route=%2Fwp%2Fv2%2Fmedia&parent=214891"}],"wp:term":[{"taxonomy":"category","embeddable":true,"href":"https:\/\/diarioregionaldigital.com.br\/index.php?rest_route=%2Fwp%2Fv2%2Fcategories&post=214891"},{"taxonomy":"post_tag","embeddable":true,"href":"https:\/\/diarioregionaldigital.com.br\/index.php?rest_route=%2Fwp%2Fv2%2Ftags&post=214891"}],"curies":[{"name":"wp","href":"https:\/\/api.w.org\/{rel}","templated":true}]}}