{"id":214883,"date":"2023-06-15T01:45:37","date_gmt":"2023-06-15T04:45:37","guid":{"rendered":"https:\/\/diarioregionaldigital.com.br\/?p=214883"},"modified":"2023-06-15T01:45:37","modified_gmt":"2023-06-15T04:45:37","slug":"prefeitura-municipal-de-descoberto-licitacao-no039-15-06-2023","status":"publish","type":"post","link":"https:\/\/diarioregionaldigital.com.br\/?p=214883","title":{"rendered":"Prefeitura Municipal de Descoberto &#8211; Licita\u00e7\u00e3o n\u00ba039 &#8211; 15\/06\/2023"},"content":{"rendered":"<p style=\"text-align: center;\"><strong>PREFEITURA MUNICIPAL DE DESCOBERTO<\/strong><\/p>\n<p style=\"text-align: center;\"><strong>AVISO DE LICITA\u00c7\u00c3O<\/strong><\/p>\n<p style=\"text-align: center;\"><strong>Licita\u00e7\u00e3o n\u00b0 039\/2023<\/strong><\/p>\n<p style=\"text-align: center;\"><strong>Modalidade de Concorr\u00eancia n\u00b0 001\/2023<\/strong><\/p>\n<p style=\"text-align: center;\">O Munic\u00edpio de DESCOBERTO, na forma da lei, faz saber a todos quantos o presente edital virem, ou dele conhecimento tiverem, que a partir das 09:00h do dia 1 de agosto de 2023, na Prefeitura Municipal na sala da comiss\u00e3o de licita\u00e7\u00e3o, localizada na rua CAPIT\u00c3O BAS\u00cdLIO, n\u00b0 39, bairro CENTRO, munic\u00edpio de DESCOBERTO, ser\u00e1 realizada licita\u00e7\u00e3o para a contrata\u00e7\u00e3o de interessados na CONTRATA\u00c7\u00c3O DE EMPRESA ESPECIALIZADA NO \u00a0TRANSPORTE RODOVI\u00c1RIO, TRATAMENTO E DISPOSI\u00c7\u00c3O FINAL DE RES\u00cdDUOS S\u00d3LIDOS URBANOS DOMICILIARES E P\u00daBLICOS DE CARACTER\u00cdSTICAS DOMICILARES, N\u00c3O PERIGOSOS (CLASSE II, ABNT NBR 10.004:2004), GERADOS PELO MUNIC\u00cdPIO DE DESCOBERTO\/MG, DE ACORDO COM AS NORMAS T\u00c9CNICAS APLIC\u00c1VEIS E A LEGISLA\u00c7\u00c3O PERTINENTE, CONTEMPLANDO O FORNECIMENTO DE CONT\u00caINER COM CAPACIDADE VOLUM\u00c9TRICA APROXIMADA DE 35M\u00b3, E TAMB\u00c9M A OPERA\u00c7\u00c3O, O CONTROLE TECNOL\u00d3GICO E A MANUTEN\u00c7\u00c3O DE ATERRO SANIT\u00c1RIO DEVIDAMENTE LICENCIADO NOS TERMOS DAS NORMAS AMBIENTAIS VIGENTES, NO QUANTITATIVO DE 70 TONELADAS\/M\u00caS, tipo Melhor T\u00e9cnica e Pre\u00e7o conforme consta no edital que se encontra\u00a0 a disposi\u00e7\u00e3o de todos\u00a0 os interessados na Prefeitura Municipal, onde poder\u00e3o obt\u00ea-lo. Para conhecimento de todos os interessados, expediu-se o presente que ser\u00e1 afixado no lugar de costume, publicando-se na forma da lei. DESCOBERTO, 14 de junho de 2023.<\/p>\n","protected":false},"excerpt":{"rendered":"<p>PREFEITURA MUNICIPAL DE DESCOBERTO AVISO DE LICITA\u00c7\u00c3O Licita\u00e7\u00e3o n\u00b0 039\/2023 Modalidade de Concorr\u00eancia n\u00b0 001\/2023 O Munic\u00edpio de DESCOBERTO, na forma da lei, faz saber a todos quantos o presente edital virem, ou dele conhecimento tiverem, que a partir das 09:00h do dia 1 de agosto de 2023, na Prefeitura Municipal na sala da comiss\u00e3o [&hellip;]<\/p>\n","protected":false},"author":96,"featured_media":0,"comment_status":"closed","ping_status":"closed","sticky":false,"template":"","format":"standard","meta":{"footnotes":""},"categories":[307],"tags":[],"class_list":["post-214883","post","type-post","status-publish","format-standard","hentry","category-editais"],"_links":{"self":[{"href":"https:\/\/diarioregionaldigital.com.br\/index.php?rest_route=\/wp\/v2\/posts\/214883","targetHints":{"allow":["GET"]}}],"collection":[{"href":"https:\/\/diarioregionaldigital.com.br\/index.php?rest_route=\/wp\/v2\/posts"}],"about":[{"href":"https:\/\/diarioregionaldigital.com.br\/index.php?rest_route=\/wp\/v2\/types\/post"}],"author":[{"embeddable":true,"href":"https:\/\/diarioregionaldigital.com.br\/index.php?rest_route=\/wp\/v2\/users\/96"}],"replies":[{"embeddable":true,"href":"https:\/\/diarioregionaldigital.com.br\/index.php?rest_route=%2Fwp%2Fv2%2Fcomments&post=214883"}],"version-history":[{"count":1,"href":"https:\/\/diarioregionaldigital.com.br\/index.php?rest_route=\/wp\/v2\/posts\/214883\/revisions"}],"predecessor-version":[{"id":214884,"href":"https:\/\/diarioregionaldigital.com.br\/index.php?rest_route=\/wp\/v2\/posts\/214883\/revisions\/214884"}],"wp:attachment":[{"href":"https:\/\/diarioregionaldigital.com.br\/index.php?rest_route=%2Fwp%2Fv2%2Fmedia&parent=214883"}],"wp:term":[{"taxonomy":"category","embeddable":true,"href":"https:\/\/diarioregionaldigital.com.br\/index.php?rest_route=%2Fwp%2Fv2%2Fcategories&post=214883"},{"taxonomy":"post_tag","embeddable":true,"href":"https:\/\/diarioregionaldigital.com.br\/index.php?rest_route=%2Fwp%2Fv2%2Ftags&post=214883"}],"curies":[{"name":"wp","href":"https:\/\/api.w.org\/{rel}","templated":true}]}}