{"id":214881,"date":"2023-06-15T02:00:46","date_gmt":"2023-06-15T05:00:46","guid":{"rendered":"https:\/\/diarioregionaldigital.com.br\/?p=214881"},"modified":"2023-06-15T02:07:51","modified_gmt":"2023-06-15T05:07:51","slug":"prefeitura-municipal-de-descoberto-extrato-no044-15-06-2023","status":"publish","type":"post","link":"https:\/\/diarioregionaldigital.com.br\/?p=214881","title":{"rendered":"Prefeitura Municipal de Descoberto &#8211; Extrato n\u00ba044 &#8211; 15\/06\/2023"},"content":{"rendered":"<p style=\"text-align: center;\"><strong>EXTRATO DE CONTRATO<\/strong><\/p>\n<p style=\"text-align: center;\">Pref. Municipal de Descoberto x HM Inform\u00e1tica \u00a0\u2013 Aquisi\u00e7\u00e3o de equipamentos de inform\u00e1tica \u2013 \u00a0Fundamento: Preg\u00e3o n\u00ba 015\/2023 &#8211; Valor Global: R$ 7.257,00 &#8211; Vig\u00eancia: 03 meses &#8211;\u00a0 Dot or\u00e7: \u00a002.02008.08.244.011.231-449052\/150- 02.02004.12.122.0002.232.449052\/500 \u00a0Ass: 12\/06\/2023 &#8211; Foro: S\u00e3o Jo\u00e3o Nepomuceno\/MG.<\/p>\n<p style=\"text-align: center;\"><strong>Marcos de Ara\u00fajo Lima<\/strong><\/p>\n<p style=\"text-align: center;\"><strong>Prefeito Municipal<\/strong><\/p>\n","protected":false},"excerpt":{"rendered":"<p>EXTRATO DE CONTRATO Pref. Municipal de Descoberto x HM Inform\u00e1tica \u00a0\u2013 Aquisi\u00e7\u00e3o de equipamentos de inform\u00e1tica \u2013 \u00a0Fundamento: Preg\u00e3o n\u00ba 015\/2023 &#8211; Valor Global: R$ 7.257,00 &#8211; Vig\u00eancia: 03 meses &#8211;\u00a0 Dot or\u00e7: \u00a002.02008.08.244.011.231-449052\/150- 02.02004.12.122.0002.232.449052\/500 \u00a0Ass: 12\/06\/2023 &#8211; Foro: S\u00e3o Jo\u00e3o Nepomuceno\/MG. Marcos de Ara\u00fajo Lima Prefeito Municipal<\/p>\n","protected":false},"author":96,"featured_media":0,"comment_status":"closed","ping_status":"closed","sticky":false,"template":"","format":"standard","meta":{"footnotes":""},"categories":[307],"tags":[],"class_list":["post-214881","post","type-post","status-publish","format-standard","hentry","category-editais"],"_links":{"self":[{"href":"https:\/\/diarioregionaldigital.com.br\/index.php?rest_route=\/wp\/v2\/posts\/214881","targetHints":{"allow":["GET"]}}],"collection":[{"href":"https:\/\/diarioregionaldigital.com.br\/index.php?rest_route=\/wp\/v2\/posts"}],"about":[{"href":"https:\/\/diarioregionaldigital.com.br\/index.php?rest_route=\/wp\/v2\/types\/post"}],"author":[{"embeddable":true,"href":"https:\/\/diarioregionaldigital.com.br\/index.php?rest_route=\/wp\/v2\/users\/96"}],"replies":[{"embeddable":true,"href":"https:\/\/diarioregionaldigital.com.br\/index.php?rest_route=%2Fwp%2Fv2%2Fcomments&post=214881"}],"version-history":[{"count":1,"href":"https:\/\/diarioregionaldigital.com.br\/index.php?rest_route=\/wp\/v2\/posts\/214881\/revisions"}],"predecessor-version":[{"id":214882,"href":"https:\/\/diarioregionaldigital.com.br\/index.php?rest_route=\/wp\/v2\/posts\/214881\/revisions\/214882"}],"wp:attachment":[{"href":"https:\/\/diarioregionaldigital.com.br\/index.php?rest_route=%2Fwp%2Fv2%2Fmedia&parent=214881"}],"wp:term":[{"taxonomy":"category","embeddable":true,"href":"https:\/\/diarioregionaldigital.com.br\/index.php?rest_route=%2Fwp%2Fv2%2Fcategories&post=214881"},{"taxonomy":"post_tag","embeddable":true,"href":"https:\/\/diarioregionaldigital.com.br\/index.php?rest_route=%2Fwp%2Fv2%2Ftags&post=214881"}],"curies":[{"name":"wp","href":"https:\/\/api.w.org\/{rel}","templated":true}]}}